{"id":17016,"date":"2024-08-28T14:30:41","date_gmt":"2024-08-28T14:30:41","guid":{"rendered":"https:\/\/trayectoriadeportiva.com\/index.php\/2024\/08\/28\/michel-hay-gente-que-piensa-mas-en-los-jugadores-que-no-estan-que-en-los-que-estan\/"},"modified":"2024-08-28T14:30:41","modified_gmt":"2024-08-28T14:30:41","slug":"michel-hay-gente-que-piensa-mas-en-los-jugadores-que-no-estan-que-en-los-que-estan","status":"publish","type":"post","link":"https:\/\/trayectoriadeportiva.com\/index.php\/2024\/08\/28\/michel-hay-gente-que-piensa-mas-en-los-jugadores-que-no-estan-que-en-los-que-estan\/","title":{"rendered":"M\u00edchel: \u201cHay gente que piensa m\u00e1s en los jugadores que no est\u00e1n que en los que est\u00e1n\u201d"},"content":{"rendered":"<p>El Girona sigue construy\u00e9ndose para la temporada 2024-25 con un mercado de fichajes que afronta su recta final mientras que la Liga no da tregua. Una construcci\u00f3n que apunta a sufrir otra baja con la posible salida de Iker Almena. El canterano, que tuvo un brillante debut en el Benito Villamar\u00edn durante la primera jornada de Liga con una asistencia, no se ha ejercitado hoy por petici\u00f3n expresa y tampoco est\u00e1 convocado para el encuentro de este jueves ante el Osasuna (19.00 h).<\/p>\n<p><a href=\"https:\/\/www.lavanguardia.com\/deportes\/futbol\/20240828\/9897071\/michel-girona-iker-almena-previa-osasuna.html\">Seguir leyendo&#8230;<\/a><\/p>","protected":false},"excerpt":{"rendered":"<p>El Girona sigue construy\u00e9ndose para la temporada 2024-25 con un mercado de fichajes que afronta su recta final mientras que la Liga no da tregua. Una construcci\u00f3n que apunta a sufrir otra baja con la posible salida de Iker Almena. El canterano, que tuvo un brillante debut en el Benito Villamar\u00edn durante la primera jornada [&hellip;]<\/p>\n","protected":false},"author":0,"featured_media":17017,"comment_status":"","ping_status":"","sticky":false,"template":"","format":"standard","meta":{"_et_pb_use_builder":"","_et_pb_old_content":"","_et_gb_content_width":"","footnotes":""},"categories":[1],"tags":[],"class_list":["post-17016","post","type-post","status-publish","format-standard","has-post-thumbnail","hentry","category-blog","et-has-post-format-content","et_post_format-et-post-format-standard"],"_links":{"self":[{"href":"https:\/\/trayectoriadeportiva.com\/index.php\/wp-json\/wp\/v2\/posts\/17016","targetHints":{"allow":["GET"]}}],"collection":[{"href":"https:\/\/trayectoriadeportiva.com\/index.php\/wp-json\/wp\/v2\/posts"}],"about":[{"href":"https:\/\/trayectoriadeportiva.com\/index.php\/wp-json\/wp\/v2\/types\/post"}],"replies":[{"embeddable":true,"href":"https:\/\/trayectoriadeportiva.com\/index.php\/wp-json\/wp\/v2\/comments?post=17016"}],"version-history":[{"count":0,"href":"https:\/\/trayectoriadeportiva.com\/index.php\/wp-json\/wp\/v2\/posts\/17016\/revisions"}],"wp:featuredmedia":[{"embeddable":true,"href":"https:\/\/trayectoriadeportiva.com\/index.php\/wp-json\/wp\/v2\/media\/17017"}],"wp:attachment":[{"href":"https:\/\/trayectoriadeportiva.com\/index.php\/wp-json\/wp\/v2\/media?parent=17016"}],"wp:term":[{"taxonomy":"category","embeddable":true,"href":"https:\/\/trayectoriadeportiva.com\/index.php\/wp-json\/wp\/v2\/categories?post=17016"},{"taxonomy":"post_tag","embeddable":true,"href":"https:\/\/trayectoriadeportiva.com\/index.php\/wp-json\/wp\/v2\/tags?post=17016"}],"curies":[{"name":"wp","href":"https:\/\/api.w.org\/{rel}","templated":true}]}}