{"id":17042,"date":"2024-08-29T04:00:00","date_gmt":"2024-08-29T04:00:00","guid":{"rendered":"https:\/\/trayectoriadeportiva.com\/index.php\/2024\/08\/29\/la-lesion-de-marc-bernal-amarga-el-liderato-del-barca\/"},"modified":"2024-08-29T04:00:00","modified_gmt":"2024-08-29T04:00:00","slug":"la-lesion-de-marc-bernal-amarga-el-liderato-del-barca","status":"publish","type":"post","link":"https:\/\/trayectoriadeportiva.com\/index.php\/2024\/08\/29\/la-lesion-de-marc-bernal-amarga-el-liderato-del-barca\/","title":{"rendered":"La lesi\u00f3n de Marc Bernal amarga el liderato del Bar\u00e7a"},"content":{"rendered":"<p>Las alegr\u00edas apenas duran en el Barcelona. El conjunto de Hansi Flick casi no pudo saborear el liderato en solitario obtenido en Vallecas. Porque <a href=\"https:\/\/www.lavanguardia.com\/deportes\/fc-barcelona\/20240828\/9896384\/grave-lesion-rodilla-marc-bernal-corta-progresion.html\">la grave lesi\u00f3n de Marc Bernal<\/a>, una de las revelaciones de este inicio del curso, <a href=\"https:\/\/www.lavanguardia.com\/deportes\/fc-barcelona\/20240828\/9895457\/barca-desgracias.html\">ensombreci\u00f3 el pleno de 9 puntos del conjunto blaugrana<\/a>. Las caras eran largas en el viaje de vuelta, incluso la del presidente Joan Laporta, y el vestuario a\u00fan se amarg\u00f3 m\u00e1s ayer cuando se conoci\u00f3 que el canterano, de 17 a\u00f1os, titular en las tres primeras jornadas, se perder\u00e1 pr\u00e1cticamente toda la temporada.<\/p>\n<p><a href=\"https:\/\/www.lavanguardia.com\/deportes\/fc-barcelona\/20240829\/9897901\/lesion-bernal-amarga-liderato-liga-barcelona.html\">Seguir leyendo&#8230;<\/a><\/p>","protected":false},"excerpt":{"rendered":"<p>Las alegr\u00edas apenas duran en el Barcelona. El conjunto de Hansi Flick casi no pudo saborear el liderato en solitario obtenido en Vallecas. Porque la grave lesi\u00f3n de Marc Bernal, una de las revelaciones de este inicio del curso, ensombreci\u00f3 el pleno de 9 puntos del conjunto blaugrana. Las caras eran largas en el viaje [&hellip;]<\/p>\n","protected":false},"author":0,"featured_media":17043,"comment_status":"","ping_status":"","sticky":false,"template":"","format":"standard","meta":{"_et_pb_use_builder":"","_et_pb_old_content":"","_et_gb_content_width":"","footnotes":""},"categories":[1],"tags":[],"class_list":["post-17042","post","type-post","status-publish","format-standard","has-post-thumbnail","hentry","category-blog","et-has-post-format-content","et_post_format-et-post-format-standard"],"_links":{"self":[{"href":"https:\/\/trayectoriadeportiva.com\/index.php\/wp-json\/wp\/v2\/posts\/17042","targetHints":{"allow":["GET"]}}],"collection":[{"href":"https:\/\/trayectoriadeportiva.com\/index.php\/wp-json\/wp\/v2\/posts"}],"about":[{"href":"https:\/\/trayectoriadeportiva.com\/index.php\/wp-json\/wp\/v2\/types\/post"}],"replies":[{"embeddable":true,"href":"https:\/\/trayectoriadeportiva.com\/index.php\/wp-json\/wp\/v2\/comments?post=17042"}],"version-history":[{"count":0,"href":"https:\/\/trayectoriadeportiva.com\/index.php\/wp-json\/wp\/v2\/posts\/17042\/revisions"}],"wp:featuredmedia":[{"embeddable":true,"href":"https:\/\/trayectoriadeportiva.com\/index.php\/wp-json\/wp\/v2\/media\/17043"}],"wp:attachment":[{"href":"https:\/\/trayectoriadeportiva.com\/index.php\/wp-json\/wp\/v2\/media?parent=17042"}],"wp:term":[{"taxonomy":"category","embeddable":true,"href":"https:\/\/trayectoriadeportiva.com\/index.php\/wp-json\/wp\/v2\/categories?post=17042"},{"taxonomy":"post_tag","embeddable":true,"href":"https:\/\/trayectoriadeportiva.com\/index.php\/wp-json\/wp\/v2\/tags?post=17042"}],"curies":[{"name":"wp","href":"https:\/\/api.w.org\/{rel}","templated":true}]}}