{"id":17065,"date":"2024-08-29T17:03:08","date_gmt":"2024-08-29T17:03:08","guid":{"rendered":"https:\/\/trayectoriadeportiva.com\/index.php\/2024\/08\/29\/castrillo-homenajea-a-manolo-azcona-en-manzaneda\/"},"modified":"2024-08-29T17:03:08","modified_gmt":"2024-08-29T17:03:08","slug":"castrillo-homenajea-a-manolo-azcona-en-manzaneda","status":"publish","type":"post","link":"https:\/\/trayectoriadeportiva.com\/index.php\/2024\/08\/29\/castrillo-homenajea-a-manolo-azcona-en-manzaneda\/","title":{"rendered":"Castrillo homenajea a Manolo Azcona en Manzaneda"},"content":{"rendered":"<p>Con el \u00faltimo gramo de fuerza, pero con una sonrisa, Pablo Castrillo se\u00f1alaba al cielo en la meta de Manzaneda para dedicar el triunfo a Manolo Azcona, uno de sus valedores y de tantos ciclistas, gracias a su equipo formativo Lizarte, que falleci\u00f3 poco antes del inicio de la 12.\u00aa etapa de la Vuelta a Espa\u00f1a.  \u201cHe estado toda la etapa pensando en Manolo. Sent\u00eda su fuerza\u201d, se\u00f1al\u00f3 el\u00a0 oscense entre l\u00e1grimas, primer espa\u00f1ol victorioso en esta edici\u00f3n de la carrera y el encargado de dar el primer triunfo de su historia al Kern Pharma, del que era expresidente y alma mater Azcona.<\/p>\n<p><a href=\"https:\/\/www.lavanguardia.com\/deportes\/ciclismo\/20240829\/9900371\/pablo-castrillo-12-etapa-vuelta-espana-manzaneda-azcona.html\">Seguir leyendo&#8230;<\/a><\/p>","protected":false},"excerpt":{"rendered":"<p>Con el \u00faltimo gramo de fuerza, pero con una sonrisa, Pablo Castrillo se\u00f1alaba al cielo en la meta de Manzaneda para dedicar el triunfo a Manolo Azcona, uno de sus valedores y de tantos ciclistas, gracias a su equipo formativo Lizarte, que falleci\u00f3 poco antes del inicio de la 12.\u00aa etapa de la Vuelta a [&hellip;]<\/p>\n","protected":false},"author":0,"featured_media":17066,"comment_status":"","ping_status":"","sticky":false,"template":"","format":"standard","meta":{"_et_pb_use_builder":"","_et_pb_old_content":"","_et_gb_content_width":"","footnotes":""},"categories":[1],"tags":[],"class_list":["post-17065","post","type-post","status-publish","format-standard","has-post-thumbnail","hentry","category-blog","et-has-post-format-content","et_post_format-et-post-format-standard"],"_links":{"self":[{"href":"https:\/\/trayectoriadeportiva.com\/index.php\/wp-json\/wp\/v2\/posts\/17065","targetHints":{"allow":["GET"]}}],"collection":[{"href":"https:\/\/trayectoriadeportiva.com\/index.php\/wp-json\/wp\/v2\/posts"}],"about":[{"href":"https:\/\/trayectoriadeportiva.com\/index.php\/wp-json\/wp\/v2\/types\/post"}],"replies":[{"embeddable":true,"href":"https:\/\/trayectoriadeportiva.com\/index.php\/wp-json\/wp\/v2\/comments?post=17065"}],"version-history":[{"count":0,"href":"https:\/\/trayectoriadeportiva.com\/index.php\/wp-json\/wp\/v2\/posts\/17065\/revisions"}],"wp:featuredmedia":[{"embeddable":true,"href":"https:\/\/trayectoriadeportiva.com\/index.php\/wp-json\/wp\/v2\/media\/17066"}],"wp:attachment":[{"href":"https:\/\/trayectoriadeportiva.com\/index.php\/wp-json\/wp\/v2\/media?parent=17065"}],"wp:term":[{"taxonomy":"category","embeddable":true,"href":"https:\/\/trayectoriadeportiva.com\/index.php\/wp-json\/wp\/v2\/categories?post=17065"},{"taxonomy":"post_tag","embeddable":true,"href":"https:\/\/trayectoriadeportiva.com\/index.php\/wp-json\/wp\/v2\/tags?post=17065"}],"curies":[{"name":"wp","href":"https:\/\/api.w.org\/{rel}","templated":true}]}}