{"id":17140,"date":"2024-08-31T09:46:04","date_gmt":"2024-08-31T09:46:04","guid":{"rendered":"https:\/\/trayectoriadeportiva.com\/index.php\/2024\/08\/31\/marc-marquez-vuelve-a-una-pole-cuatro-meses-despues\/"},"modified":"2024-08-31T09:46:04","modified_gmt":"2024-08-31T09:46:04","slug":"marc-marquez-vuelve-a-una-pole-cuatro-meses-despues","status":"publish","type":"post","link":"https:\/\/trayectoriadeportiva.com\/index.php\/2024\/08\/31\/marc-marquez-vuelve-a-una-pole-cuatro-meses-despues\/","title":{"rendered":"Marc M\u00e1rquez vuelve a una &#8216;pole&#8217; cuatro meses despu\u00e9s"},"content":{"rendered":"<p>Y cuatro meses despu\u00e9s, Marc M\u00e1rquez vuelve a una pole position. El piloto de Cervera arras\u00f3 en la clasificaci\u00f3n del GP de Arag\u00f3n, en la que distanci\u00f3 a sus inmediatos rivales, Pedro Acosta, segundo, y Pecco Bagnaia, tercero, a m\u00e1s de 8 d\u00e9cimas, la mayor ventaja de la temporada en la Q2.\u00a0<\/p>\n<p><a href=\"https:\/\/www.lavanguardia.com\/deportes\/20240831\/9903452\/motogp-gp-aragon-motorland-alcaniz-pole-clasificacion-marc-marquez-vuelve.html\">Seguir leyendo&#8230;<\/a><\/p>","protected":false},"excerpt":{"rendered":"<p>Y cuatro meses despu\u00e9s, Marc M\u00e1rquez vuelve a una pole position. El piloto de Cervera arras\u00f3 en la clasificaci\u00f3n del GP de Arag\u00f3n, en la que distanci\u00f3 a sus inmediatos rivales, Pedro Acosta, segundo, y Pecco Bagnaia, tercero, a m\u00e1s de 8 d\u00e9cimas, la mayor ventaja de la temporada en la Q2.\u00a0 Seguir leyendo&#8230;<\/p>\n","protected":false},"author":0,"featured_media":17141,"comment_status":"","ping_status":"","sticky":false,"template":"","format":"standard","meta":{"_et_pb_use_builder":"","_et_pb_old_content":"","_et_gb_content_width":"","footnotes":""},"categories":[1],"tags":[],"class_list":["post-17140","post","type-post","status-publish","format-standard","has-post-thumbnail","hentry","category-blog","et-has-post-format-content","et_post_format-et-post-format-standard"],"_links":{"self":[{"href":"https:\/\/trayectoriadeportiva.com\/index.php\/wp-json\/wp\/v2\/posts\/17140","targetHints":{"allow":["GET"]}}],"collection":[{"href":"https:\/\/trayectoriadeportiva.com\/index.php\/wp-json\/wp\/v2\/posts"}],"about":[{"href":"https:\/\/trayectoriadeportiva.com\/index.php\/wp-json\/wp\/v2\/types\/post"}],"replies":[{"embeddable":true,"href":"https:\/\/trayectoriadeportiva.com\/index.php\/wp-json\/wp\/v2\/comments?post=17140"}],"version-history":[{"count":0,"href":"https:\/\/trayectoriadeportiva.com\/index.php\/wp-json\/wp\/v2\/posts\/17140\/revisions"}],"wp:featuredmedia":[{"embeddable":true,"href":"https:\/\/trayectoriadeportiva.com\/index.php\/wp-json\/wp\/v2\/media\/17141"}],"wp:attachment":[{"href":"https:\/\/trayectoriadeportiva.com\/index.php\/wp-json\/wp\/v2\/media?parent=17140"}],"wp:term":[{"taxonomy":"category","embeddable":true,"href":"https:\/\/trayectoriadeportiva.com\/index.php\/wp-json\/wp\/v2\/categories?post=17140"},{"taxonomy":"post_tag","embeddable":true,"href":"https:\/\/trayectoriadeportiva.com\/index.php\/wp-json\/wp\/v2\/tags?post=17140"}],"curies":[{"name":"wp","href":"https:\/\/api.w.org\/{rel}","templated":true}]}}