{"id":17142,"date":"2024-08-31T09:10:03","date_gmt":"2024-08-31T09:10:03","guid":{"rendered":"https:\/\/trayectoriadeportiva.com\/index.php\/2024\/08\/31\/mercedes-hace-oficial-al-sustituto-de-hamilton-andrea-antonelli-el-nuevo-verstappen\/"},"modified":"2024-08-31T09:10:03","modified_gmt":"2024-08-31T09:10:03","slug":"mercedes-hace-oficial-al-sustituto-de-hamilton-andrea-antonelli-el-nuevo-verstappen","status":"publish","type":"post","link":"https:\/\/trayectoriadeportiva.com\/index.php\/2024\/08\/31\/mercedes-hace-oficial-al-sustituto-de-hamilton-andrea-antonelli-el-nuevo-verstappen\/","title":{"rendered":"Mercedes hace oficial al sustituto de Hamilton: Andrea Antonelli, el &#8216;nuevo Verstappen&#8217;"},"content":{"rendered":"<p>Un d\u00eda despu\u00e9s de debutar en la F\u00f3rmula 1 con una salida de pista en los primeros minutos de los libres del viernes del GP de Italia, Andrea Kimi Antonelli ha sido anunciado como piloto oficial de Mercedes a partir del 2025. El joven italiano, de 18 a\u00f1os, formar\u00e1 t\u00e1ndem con George Russell en el equipo de la estrella, en sustituci\u00f3n de <a href=\"https:\/\/www.lavanguardia.com\/deportes\/formula-1\/20240201\/9511072\/formula-1-f1-hamilton-ferrari-mercedes-sainz-2025.html\">Lewis Hamilton (que se ir\u00e1 a Ferrari por Carlos Sainz)<\/a>.<\/p>\n<p><a href=\"https:\/\/www.lavanguardia.com\/deportes\/20240831\/9903373\/f1-formula-1-mercedes-fichaje-andrea-antonelli-sustituto-hamilton-nuevo-verstappen.html\">Seguir leyendo&#8230;<\/a><\/p>","protected":false},"excerpt":{"rendered":"<p>Un d\u00eda despu\u00e9s de debutar en la F\u00f3rmula 1 con una salida de pista en los primeros minutos de los libres del viernes del GP de Italia, Andrea Kimi Antonelli ha sido anunciado como piloto oficial de Mercedes a partir del 2025. El joven italiano, de 18 a\u00f1os, formar\u00e1 t\u00e1ndem con George Russell en el [&hellip;]<\/p>\n","protected":false},"author":0,"featured_media":17143,"comment_status":"","ping_status":"","sticky":false,"template":"","format":"standard","meta":{"_et_pb_use_builder":"","_et_pb_old_content":"","_et_gb_content_width":"","footnotes":""},"categories":[1],"tags":[],"class_list":["post-17142","post","type-post","status-publish","format-standard","has-post-thumbnail","hentry","category-blog","et-has-post-format-content","et_post_format-et-post-format-standard"],"_links":{"self":[{"href":"https:\/\/trayectoriadeportiva.com\/index.php\/wp-json\/wp\/v2\/posts\/17142","targetHints":{"allow":["GET"]}}],"collection":[{"href":"https:\/\/trayectoriadeportiva.com\/index.php\/wp-json\/wp\/v2\/posts"}],"about":[{"href":"https:\/\/trayectoriadeportiva.com\/index.php\/wp-json\/wp\/v2\/types\/post"}],"replies":[{"embeddable":true,"href":"https:\/\/trayectoriadeportiva.com\/index.php\/wp-json\/wp\/v2\/comments?post=17142"}],"version-history":[{"count":0,"href":"https:\/\/trayectoriadeportiva.com\/index.php\/wp-json\/wp\/v2\/posts\/17142\/revisions"}],"wp:featuredmedia":[{"embeddable":true,"href":"https:\/\/trayectoriadeportiva.com\/index.php\/wp-json\/wp\/v2\/media\/17143"}],"wp:attachment":[{"href":"https:\/\/trayectoriadeportiva.com\/index.php\/wp-json\/wp\/v2\/media?parent=17142"}],"wp:term":[{"taxonomy":"category","embeddable":true,"href":"https:\/\/trayectoriadeportiva.com\/index.php\/wp-json\/wp\/v2\/categories?post=17142"},{"taxonomy":"post_tag","embeddable":true,"href":"https:\/\/trayectoriadeportiva.com\/index.php\/wp-json\/wp\/v2\/tags?post=17142"}],"curies":[{"name":"wp","href":"https:\/\/api.w.org\/{rel}","templated":true}]}}