{"id":17198,"date":"2024-08-31T20:05:17","date_gmt":"2024-08-31T20:05:17","guid":{"rendered":"https:\/\/trayectoriadeportiva.com\/index.php\/2024\/08\/31\/veliz-da-el-primer-triunfo-de-la-temporada-al-espanyol-con-un-gol-en-el-minuto-96\/"},"modified":"2024-08-31T20:05:17","modified_gmt":"2024-08-31T20:05:17","slug":"veliz-da-el-primer-triunfo-de-la-temporada-al-espanyol-con-un-gol-en-el-minuto-96","status":"publish","type":"post","link":"https:\/\/trayectoriadeportiva.com\/index.php\/2024\/08\/31\/veliz-da-el-primer-triunfo-de-la-temporada-al-espanyol-con-un-gol-en-el-minuto-96\/","title":{"rendered":"V\u00e9liz da el primer triunfo de la temporada al Espanyol con un gol en el minuto 96"},"content":{"rendered":"<p>Tras tres jornadas con el equipo\u00a0in crescendo, desde el debut fallido hasta el buen punto de partida de la jornada anterior, el Espanyol ahora ya puede decir que compite, sufre y gana como un equipo de Primera. La solidaridad defensiva de la que ya presum\u00eda el conjunto de Manolo Gonz\u00e1lez se junt\u00f3, al fin, con el acierto ofensivo en el momento m\u00e1s oportuno. Esa sensaci\u00f3n de arrastrar los males de la temporada pasada, con un juego anodino y poco incisivo, quedaron aparcados gracias a la ag\u00f3nica primera victoria del curso ante un Rayo Vallecano que sucumbi\u00f3 al postrero gol, en el minuto 96, de Alejo V\u00e9liz.\u00a0<\/p>\n<p><a href=\"https:\/\/www.lavanguardia.com\/deportes\/rcde-espanyol\/primer-equipo\/20240831\/9904281\/veliz-espanyol-victoria-minuto-96-rayo-rcde-stadium-resumen-laliga-jornada-4.html\">Seguir leyendo&#8230;<\/a><\/p>","protected":false},"excerpt":{"rendered":"<p>Tras tres jornadas con el equipo\u00a0in crescendo, desde el debut fallido hasta el buen punto de partida de la jornada anterior, el Espanyol ahora ya puede decir que compite, sufre y gana como un equipo de Primera. La solidaridad defensiva de la que ya presum\u00eda el conjunto de Manolo Gonz\u00e1lez se junt\u00f3, al fin, con [&hellip;]<\/p>\n","protected":false},"author":0,"featured_media":17199,"comment_status":"","ping_status":"","sticky":false,"template":"","format":"standard","meta":{"_et_pb_use_builder":"","_et_pb_old_content":"","_et_gb_content_width":"","footnotes":""},"categories":[1],"tags":[],"class_list":["post-17198","post","type-post","status-publish","format-standard","has-post-thumbnail","hentry","category-blog","et-has-post-format-content","et_post_format-et-post-format-standard"],"_links":{"self":[{"href":"https:\/\/trayectoriadeportiva.com\/index.php\/wp-json\/wp\/v2\/posts\/17198","targetHints":{"allow":["GET"]}}],"collection":[{"href":"https:\/\/trayectoriadeportiva.com\/index.php\/wp-json\/wp\/v2\/posts"}],"about":[{"href":"https:\/\/trayectoriadeportiva.com\/index.php\/wp-json\/wp\/v2\/types\/post"}],"replies":[{"embeddable":true,"href":"https:\/\/trayectoriadeportiva.com\/index.php\/wp-json\/wp\/v2\/comments?post=17198"}],"version-history":[{"count":0,"href":"https:\/\/trayectoriadeportiva.com\/index.php\/wp-json\/wp\/v2\/posts\/17198\/revisions"}],"wp:featuredmedia":[{"embeddable":true,"href":"https:\/\/trayectoriadeportiva.com\/index.php\/wp-json\/wp\/v2\/media\/17199"}],"wp:attachment":[{"href":"https:\/\/trayectoriadeportiva.com\/index.php\/wp-json\/wp\/v2\/media?parent=17198"}],"wp:term":[{"taxonomy":"category","embeddable":true,"href":"https:\/\/trayectoriadeportiva.com\/index.php\/wp-json\/wp\/v2\/categories?post=17198"},{"taxonomy":"post_tag","embeddable":true,"href":"https:\/\/trayectoriadeportiva.com\/index.php\/wp-json\/wp\/v2\/tags?post=17198"}],"curies":[{"name":"wp","href":"https:\/\/api.w.org\/{rel}","templated":true}]}}