{"id":17248,"date":"2024-09-01T17:23:01","date_gmt":"2024-09-01T17:23:01","guid":{"rendered":"https:\/\/trayectoriadeportiva.com\/index.php\/2024\/09\/01\/el-ciclon-badosa-barre-a-wang-y-ya-esta-cuartos-del-us-open\/"},"modified":"2024-09-01T17:23:01","modified_gmt":"2024-09-01T17:23:01","slug":"el-ciclon-badosa-barre-a-wang-y-ya-esta-cuartos-del-us-open","status":"publish","type":"post","link":"https:\/\/trayectoriadeportiva.com\/index.php\/2024\/09\/01\/el-ciclon-badosa-barre-a-wang-y-ya-esta-cuartos-del-us-open\/","title":{"rendered":"El cicl\u00f3n Badosa barre a Wang y ya est\u00e1 cuartos del US Open"},"content":{"rendered":"<p>Renacida, convertida en su mejor versi\u00f3n, aquella que la llev\u00f3 hasta el n\u00famero 2 del ranking hace dos a\u00f1os, Paula Badosa avanza como un cicl\u00f3n en el US Open. La catalana, nacida en Nueva York, se meti\u00f3 en cuartos del torneo estadounidense tras batir a la china Yafan Wang, n\u00famero 80 del mundo, en dos sets (6-1 y 6-2).<\/p>\n<p><a href=\"https:\/\/www.lavanguardia.com\/deportes\/tenis\/20240901\/9905435\/badosa-wang-octavos-us-open-tenis-flushing-meadows.html\">Seguir leyendo&#8230;<\/a><\/p>","protected":false},"excerpt":{"rendered":"<p>Renacida, convertida en su mejor versi\u00f3n, aquella que la llev\u00f3 hasta el n\u00famero 2 del ranking hace dos a\u00f1os, Paula Badosa avanza como un cicl\u00f3n en el US Open. La catalana, nacida en Nueva York, se meti\u00f3 en cuartos del torneo estadounidense tras batir a la china Yafan Wang, n\u00famero 80 del mundo, en dos [&hellip;]<\/p>\n","protected":false},"author":0,"featured_media":17249,"comment_status":"","ping_status":"","sticky":false,"template":"","format":"standard","meta":{"_et_pb_use_builder":"","_et_pb_old_content":"","_et_gb_content_width":"","footnotes":""},"categories":[1],"tags":[],"class_list":["post-17248","post","type-post","status-publish","format-standard","has-post-thumbnail","hentry","category-blog","et-has-post-format-content","et_post_format-et-post-format-standard"],"_links":{"self":[{"href":"https:\/\/trayectoriadeportiva.com\/index.php\/wp-json\/wp\/v2\/posts\/17248","targetHints":{"allow":["GET"]}}],"collection":[{"href":"https:\/\/trayectoriadeportiva.com\/index.php\/wp-json\/wp\/v2\/posts"}],"about":[{"href":"https:\/\/trayectoriadeportiva.com\/index.php\/wp-json\/wp\/v2\/types\/post"}],"replies":[{"embeddable":true,"href":"https:\/\/trayectoriadeportiva.com\/index.php\/wp-json\/wp\/v2\/comments?post=17248"}],"version-history":[{"count":0,"href":"https:\/\/trayectoriadeportiva.com\/index.php\/wp-json\/wp\/v2\/posts\/17248\/revisions"}],"wp:featuredmedia":[{"embeddable":true,"href":"https:\/\/trayectoriadeportiva.com\/index.php\/wp-json\/wp\/v2\/media\/17249"}],"wp:attachment":[{"href":"https:\/\/trayectoriadeportiva.com\/index.php\/wp-json\/wp\/v2\/media?parent=17248"}],"wp:term":[{"taxonomy":"category","embeddable":true,"href":"https:\/\/trayectoriadeportiva.com\/index.php\/wp-json\/wp\/v2\/categories?post=17248"},{"taxonomy":"post_tag","embeddable":true,"href":"https:\/\/trayectoriadeportiva.com\/index.php\/wp-json\/wp\/v2\/tags?post=17248"}],"curies":[{"name":"wp","href":"https:\/\/api.w.org\/{rel}","templated":true}]}}