{"id":17278,"date":"2024-09-02T09:39:41","date_gmt":"2024-09-02T09:39:41","guid":{"rendered":"https:\/\/trayectoriadeportiva.com\/index.php\/2024\/09\/02\/daniel-molina-se-cuelga-el-oro-en-el-triatlon-de-paris\/"},"modified":"2024-09-02T09:39:41","modified_gmt":"2024-09-02T09:39:41","slug":"daniel-molina-se-cuelga-el-oro-en-el-triatlon-de-paris","status":"publish","type":"post","link":"https:\/\/trayectoriadeportiva.com\/index.php\/2024\/09\/02\/daniel-molina-se-cuelga-el-oro-en-el-triatlon-de-paris\/","title":{"rendered":"Daniel Molina se cuelga el oro en el triatl\u00f3n de Par\u00eds"},"content":{"rendered":"<p>Daniel Molina demostr\u00f3 el potencial que atesora como triatleta sobre un recorrido urbano por Par\u00eds, con el atractivo de nadar por el r\u00edo Sena incluido, y se llev\u00f3 la medalla de oro en la categor\u00eda PTS3 de discapacitados f\u00edsicos. Se trata de la decimosexta medalla espa\u00f1ola en Par\u00eds y la cuarta de oro. El alcarre\u00f1o se colg\u00f3 la presea veinte a\u00f1os despu\u00e9s de participar en sus primeros Juegos Paral\u00edmpicos en Atenas 2004.<\/p>\n<p><a href=\"https:\/\/www.lavanguardia.com\/deportes\/20240902\/9906195\/dani-molina-consigue-oro-triatlon-juegos-paralimpicos-paris-2024.html\">Seguir leyendo&#8230;<\/a><\/p>","protected":false},"excerpt":{"rendered":"<p>Daniel Molina demostr\u00f3 el potencial que atesora como triatleta sobre un recorrido urbano por Par\u00eds, con el atractivo de nadar por el r\u00edo Sena incluido, y se llev\u00f3 la medalla de oro en la categor\u00eda PTS3 de discapacitados f\u00edsicos. Se trata de la decimosexta medalla espa\u00f1ola en Par\u00eds y la cuarta de oro. El alcarre\u00f1o [&hellip;]<\/p>\n","protected":false},"author":0,"featured_media":17280,"comment_status":"","ping_status":"","sticky":false,"template":"","format":"standard","meta":{"_et_pb_use_builder":"","_et_pb_old_content":"","_et_gb_content_width":"","footnotes":""},"categories":[1],"tags":[],"class_list":["post-17278","post","type-post","status-publish","format-standard","has-post-thumbnail","hentry","category-blog","et-has-post-format-content","et_post_format-et-post-format-standard"],"_links":{"self":[{"href":"https:\/\/trayectoriadeportiva.com\/index.php\/wp-json\/wp\/v2\/posts\/17278","targetHints":{"allow":["GET"]}}],"collection":[{"href":"https:\/\/trayectoriadeportiva.com\/index.php\/wp-json\/wp\/v2\/posts"}],"about":[{"href":"https:\/\/trayectoriadeportiva.com\/index.php\/wp-json\/wp\/v2\/types\/post"}],"replies":[{"embeddable":true,"href":"https:\/\/trayectoriadeportiva.com\/index.php\/wp-json\/wp\/v2\/comments?post=17278"}],"version-history":[{"count":0,"href":"https:\/\/trayectoriadeportiva.com\/index.php\/wp-json\/wp\/v2\/posts\/17278\/revisions"}],"wp:featuredmedia":[{"embeddable":true,"href":"https:\/\/trayectoriadeportiva.com\/index.php\/wp-json\/wp\/v2\/media\/17280"}],"wp:attachment":[{"href":"https:\/\/trayectoriadeportiva.com\/index.php\/wp-json\/wp\/v2\/media?parent=17278"}],"wp:term":[{"taxonomy":"category","embeddable":true,"href":"https:\/\/trayectoriadeportiva.com\/index.php\/wp-json\/wp\/v2\/categories?post=17278"},{"taxonomy":"post_tag","embeddable":true,"href":"https:\/\/trayectoriadeportiva.com\/index.php\/wp-json\/wp\/v2\/tags?post=17278"}],"curies":[{"name":"wp","href":"https:\/\/api.w.org\/{rel}","templated":true}]}}