{"id":17284,"date":"2024-09-02T10:40:12","date_gmt":"2024-09-02T10:40:12","guid":{"rendered":"https:\/\/trayectoriadeportiva.com\/index.php\/2024\/09\/02\/ceballos-se-lesiona-para-dos-meses\/"},"modified":"2024-09-02T10:40:12","modified_gmt":"2024-09-02T10:40:12","slug":"ceballos-se-lesiona-para-dos-meses","status":"publish","type":"post","link":"https:\/\/trayectoriadeportiva.com\/index.php\/2024\/09\/02\/ceballos-se-lesiona-para-dos-meses\/","title":{"rendered":"Ceballos se lesiona para dos meses"},"content":{"rendered":"<p>El Real Madrid tiene la negra con los centrocampistas. A la lesi\u00f3n de Camavinga y de Bellingham se ha unido ahora la de Dani Ceballos, titular por primera vez en la temporada ayer ante el Betis en el Bernab\u00e9u. El utrerano se lesion\u00f3 ayer y seg\u00fan el parte m\u00e9dico emitido esta ma\u00f1ana al jugador se le ha diagnosticado un esguince grado III con afectaci\u00f3n de los ligamentos en el tobillo derecho. El tiempo de baja es de mes y medio a dos meses.<\/p>\n<p><a href=\"https:\/\/www.lavanguardia.com\/deportes\/real-madrid\/20240902\/9906444\/ceballos-lesiona-dos-meses.html\">Seguir leyendo&#8230;<\/a><\/p>","protected":false},"excerpt":{"rendered":"<p>El Real Madrid tiene la negra con los centrocampistas. A la lesi\u00f3n de Camavinga y de Bellingham se ha unido ahora la de Dani Ceballos, titular por primera vez en la temporada ayer ante el Betis en el Bernab\u00e9u. El utrerano se lesion\u00f3 ayer y seg\u00fan el parte m\u00e9dico emitido esta ma\u00f1ana al jugador se [&hellip;]<\/p>\n","protected":false},"author":0,"featured_media":17285,"comment_status":"","ping_status":"","sticky":false,"template":"","format":"standard","meta":{"_et_pb_use_builder":"","_et_pb_old_content":"","_et_gb_content_width":"","footnotes":""},"categories":[1],"tags":[],"class_list":["post-17284","post","type-post","status-publish","format-standard","has-post-thumbnail","hentry","category-blog","et-has-post-format-content","et_post_format-et-post-format-standard"],"_links":{"self":[{"href":"https:\/\/trayectoriadeportiva.com\/index.php\/wp-json\/wp\/v2\/posts\/17284","targetHints":{"allow":["GET"]}}],"collection":[{"href":"https:\/\/trayectoriadeportiva.com\/index.php\/wp-json\/wp\/v2\/posts"}],"about":[{"href":"https:\/\/trayectoriadeportiva.com\/index.php\/wp-json\/wp\/v2\/types\/post"}],"replies":[{"embeddable":true,"href":"https:\/\/trayectoriadeportiva.com\/index.php\/wp-json\/wp\/v2\/comments?post=17284"}],"version-history":[{"count":0,"href":"https:\/\/trayectoriadeportiva.com\/index.php\/wp-json\/wp\/v2\/posts\/17284\/revisions"}],"wp:featuredmedia":[{"embeddable":true,"href":"https:\/\/trayectoriadeportiva.com\/index.php\/wp-json\/wp\/v2\/media\/17285"}],"wp:attachment":[{"href":"https:\/\/trayectoriadeportiva.com\/index.php\/wp-json\/wp\/v2\/media?parent=17284"}],"wp:term":[{"taxonomy":"category","embeddable":true,"href":"https:\/\/trayectoriadeportiva.com\/index.php\/wp-json\/wp\/v2\/categories?post=17284"},{"taxonomy":"post_tag","embeddable":true,"href":"https:\/\/trayectoriadeportiva.com\/index.php\/wp-json\/wp\/v2\/tags?post=17284"}],"curies":[{"name":"wp","href":"https:\/\/api.w.org\/{rel}","templated":true}]}}