{"id":17288,"date":"2024-09-02T14:43:57","date_gmt":"2024-09-02T14:43:57","guid":{"rendered":"https:\/\/trayectoriadeportiva.com\/index.php\/2024\/09\/02\/espana-logra-cuatro-medallas-en-el-triatlon-paralimpico\/"},"modified":"2024-09-02T14:43:57","modified_gmt":"2024-09-02T14:43:57","slug":"espana-logra-cuatro-medallas-en-el-triatlon-paralimpico","status":"publish","type":"post","link":"https:\/\/trayectoriadeportiva.com\/index.php\/2024\/09\/02\/espana-logra-cuatro-medallas-en-el-triatlon-paralimpico\/","title":{"rendered":"Espa\u00f1a logra cuatro medallas en el triatl\u00f3n paral\u00edmpico"},"content":{"rendered":"<p>Ma\u00f1ana de ensue\u00f1o para la expedici\u00f3n paral\u00edmpica de Espa\u00f1a. Tras un d\u00eda de aplazamiento causado por la mala calidad del agua del Sena, los triatletas espa\u00f1oles se colgaron un total de cuatro medallas este lunes en los Juegos de Par\u00eds. Dani Molina y Susana Rodr\u00edguez lograron el oro. Marta Franc\u00e9s, la plata y Nil Riudavets, el bronce.<\/p>\n<p><a href=\"https:\/\/www.lavanguardia.com\/deportes\/20240902\/9907333\/espana-logra-cuatro-medallas-triatlon-juegos-paralimpico-paris-2024-molina-rodriguez-frances-riudavets.html\">Seguir leyendo&#8230;<\/a><\/p>","protected":false},"excerpt":{"rendered":"<p>Ma\u00f1ana de ensue\u00f1o para la expedici\u00f3n paral\u00edmpica de Espa\u00f1a. Tras un d\u00eda de aplazamiento causado por la mala calidad del agua del Sena, los triatletas espa\u00f1oles se colgaron un total de cuatro medallas este lunes en los Juegos de Par\u00eds. Dani Molina y Susana Rodr\u00edguez lograron el oro. Marta Franc\u00e9s, la plata y Nil Riudavets, [&hellip;]<\/p>\n","protected":false},"author":0,"featured_media":17289,"comment_status":"","ping_status":"","sticky":false,"template":"","format":"standard","meta":{"_et_pb_use_builder":"","_et_pb_old_content":"","_et_gb_content_width":"","footnotes":""},"categories":[1],"tags":[],"class_list":["post-17288","post","type-post","status-publish","format-standard","has-post-thumbnail","hentry","category-blog","et-has-post-format-content","et_post_format-et-post-format-standard"],"_links":{"self":[{"href":"https:\/\/trayectoriadeportiva.com\/index.php\/wp-json\/wp\/v2\/posts\/17288","targetHints":{"allow":["GET"]}}],"collection":[{"href":"https:\/\/trayectoriadeportiva.com\/index.php\/wp-json\/wp\/v2\/posts"}],"about":[{"href":"https:\/\/trayectoriadeportiva.com\/index.php\/wp-json\/wp\/v2\/types\/post"}],"replies":[{"embeddable":true,"href":"https:\/\/trayectoriadeportiva.com\/index.php\/wp-json\/wp\/v2\/comments?post=17288"}],"version-history":[{"count":0,"href":"https:\/\/trayectoriadeportiva.com\/index.php\/wp-json\/wp\/v2\/posts\/17288\/revisions"}],"wp:featuredmedia":[{"embeddable":true,"href":"https:\/\/trayectoriadeportiva.com\/index.php\/wp-json\/wp\/v2\/media\/17289"}],"wp:attachment":[{"href":"https:\/\/trayectoriadeportiva.com\/index.php\/wp-json\/wp\/v2\/media?parent=17288"}],"wp:term":[{"taxonomy":"category","embeddable":true,"href":"https:\/\/trayectoriadeportiva.com\/index.php\/wp-json\/wp\/v2\/categories?post=17288"},{"taxonomy":"post_tag","embeddable":true,"href":"https:\/\/trayectoriadeportiva.com\/index.php\/wp-json\/wp\/v2\/tags?post=17288"}],"curies":[{"name":"wp","href":"https:\/\/api.w.org\/{rel}","templated":true}]}}