{"id":17292,"date":"2024-09-02T22:05:00","date_gmt":"2024-09-02T22:05:00","guid":{"rendered":"https:\/\/trayectoriadeportiva.com\/index.php\/2024\/09\/02\/raphinha-pense-en-irme-del-barca\/"},"modified":"2024-09-02T22:05:00","modified_gmt":"2024-09-02T22:05:00","slug":"raphinha-pense-en-irme-del-barca","status":"publish","type":"post","link":"https:\/\/trayectoriadeportiva.com\/index.php\/2024\/09\/02\/raphinha-pense-en-irme-del-barca\/","title":{"rendered":"Raphinha: \u201cPens\u00e9 en irme del Bar\u00e7a\u201d"},"content":{"rendered":"<p>El brasile\u00f1o Raphinha vive su mejor momento como barcelonista. Logr\u00f3 su primer triplete como profesional el pasado s\u00e1bado ante el Valladolid y se ha hecho con la titularidad indiscutible a las \u00f3rdenes de Hansi Flick. Pero Raphinha no tuvo demasiados momentos de gloria en sus dos temporadas precedentes en el club. Incluso se plante\u00f3 irse en sus primeros meses como azulgrana. As\u00ed lo confirm\u00f3 en una entrevista al programa \u201cT\u00fa dir\u00e0s\u201d de RAC1.<\/p>\n<p><a href=\"https:\/\/www.lavanguardia.com\/deportes\/fc-barcelona\/20240903\/9907558\/barca-raphinha-champions-flick.html\">Seguir leyendo&#8230;<\/a><\/p>","protected":false},"excerpt":{"rendered":"<p>El brasile\u00f1o Raphinha vive su mejor momento como barcelonista. Logr\u00f3 su primer triplete como profesional el pasado s\u00e1bado ante el Valladolid y se ha hecho con la titularidad indiscutible a las \u00f3rdenes de Hansi Flick. Pero Raphinha no tuvo demasiados momentos de gloria en sus dos temporadas precedentes en el club. Incluso se plante\u00f3 irse [&hellip;]<\/p>\n","protected":false},"author":0,"featured_media":17293,"comment_status":"","ping_status":"","sticky":false,"template":"","format":"standard","meta":{"_et_pb_use_builder":"","_et_pb_old_content":"","_et_gb_content_width":"","footnotes":""},"categories":[1],"tags":[],"class_list":["post-17292","post","type-post","status-publish","format-standard","has-post-thumbnail","hentry","category-blog","et-has-post-format-content","et_post_format-et-post-format-standard"],"_links":{"self":[{"href":"https:\/\/trayectoriadeportiva.com\/index.php\/wp-json\/wp\/v2\/posts\/17292","targetHints":{"allow":["GET"]}}],"collection":[{"href":"https:\/\/trayectoriadeportiva.com\/index.php\/wp-json\/wp\/v2\/posts"}],"about":[{"href":"https:\/\/trayectoriadeportiva.com\/index.php\/wp-json\/wp\/v2\/types\/post"}],"replies":[{"embeddable":true,"href":"https:\/\/trayectoriadeportiva.com\/index.php\/wp-json\/wp\/v2\/comments?post=17292"}],"version-history":[{"count":0,"href":"https:\/\/trayectoriadeportiva.com\/index.php\/wp-json\/wp\/v2\/posts\/17292\/revisions"}],"wp:featuredmedia":[{"embeddable":true,"href":"https:\/\/trayectoriadeportiva.com\/index.php\/wp-json\/wp\/v2\/media\/17293"}],"wp:attachment":[{"href":"https:\/\/trayectoriadeportiva.com\/index.php\/wp-json\/wp\/v2\/media?parent=17292"}],"wp:term":[{"taxonomy":"category","embeddable":true,"href":"https:\/\/trayectoriadeportiva.com\/index.php\/wp-json\/wp\/v2\/categories?post=17292"},{"taxonomy":"post_tag","embeddable":true,"href":"https:\/\/trayectoriadeportiva.com\/index.php\/wp-json\/wp\/v2\/tags?post=17292"}],"curies":[{"name":"wp","href":"https:\/\/api.w.org\/{rel}","templated":true}]}}