{"id":17312,"date":"2024-09-03T11:06:47","date_gmt":"2024-09-03T11:06:47","guid":{"rendered":"https:\/\/trayectoriadeportiva.com\/index.php\/2024\/09\/03\/un-equipo-quedara-eliminado-esta-semana\/"},"modified":"2024-09-03T11:06:47","modified_gmt":"2024-09-03T11:06:47","slug":"un-equipo-quedara-eliminado-esta-semana","status":"publish","type":"post","link":"https:\/\/trayectoriadeportiva.com\/index.php\/2024\/09\/03\/un-equipo-quedara-eliminado-esta-semana\/","title":{"rendered":"Un equipo quedar\u00e1 eliminado esta semana"},"content":{"rendered":"<p>La Copa del Am\u00e9rica abre hoy la segunda ronda del Round Robin, esto es, el enfrentamiento de todos los equipos contra todos. Desde este martes y hasta el domingo, con el jueves y el viernes previstos como d\u00edas de reserva, la clave de esta fase es qu\u00e9 equipo de los cinco desafiantes del Defender de la Copa queda en \u00faltima posici\u00f3n y se va a casa.<\/p>\n<p><a href=\"https:\/\/www.lavanguardia.com\/deportes\/20240903\/9909051\/equipo-quedara-eliminado-semana.html\">Seguir leyendo&#8230;<\/a><\/p>","protected":false},"excerpt":{"rendered":"<p>La Copa del Am\u00e9rica abre hoy la segunda ronda del Round Robin, esto es, el enfrentamiento de todos los equipos contra todos. Desde este martes y hasta el domingo, con el jueves y el viernes previstos como d\u00edas de reserva, la clave de esta fase es qu\u00e9 equipo de los cinco desafiantes del Defender de [&hellip;]<\/p>\n","protected":false},"author":0,"featured_media":17313,"comment_status":"","ping_status":"","sticky":false,"template":"","format":"standard","meta":{"_et_pb_use_builder":"","_et_pb_old_content":"","_et_gb_content_width":"","footnotes":""},"categories":[1],"tags":[],"class_list":["post-17312","post","type-post","status-publish","format-standard","has-post-thumbnail","hentry","category-blog","et-has-post-format-content","et_post_format-et-post-format-standard"],"_links":{"self":[{"href":"https:\/\/trayectoriadeportiva.com\/index.php\/wp-json\/wp\/v2\/posts\/17312","targetHints":{"allow":["GET"]}}],"collection":[{"href":"https:\/\/trayectoriadeportiva.com\/index.php\/wp-json\/wp\/v2\/posts"}],"about":[{"href":"https:\/\/trayectoriadeportiva.com\/index.php\/wp-json\/wp\/v2\/types\/post"}],"replies":[{"embeddable":true,"href":"https:\/\/trayectoriadeportiva.com\/index.php\/wp-json\/wp\/v2\/comments?post=17312"}],"version-history":[{"count":0,"href":"https:\/\/trayectoriadeportiva.com\/index.php\/wp-json\/wp\/v2\/posts\/17312\/revisions"}],"wp:featuredmedia":[{"embeddable":true,"href":"https:\/\/trayectoriadeportiva.com\/index.php\/wp-json\/wp\/v2\/media\/17313"}],"wp:attachment":[{"href":"https:\/\/trayectoriadeportiva.com\/index.php\/wp-json\/wp\/v2\/media?parent=17312"}],"wp:term":[{"taxonomy":"category","embeddable":true,"href":"https:\/\/trayectoriadeportiva.com\/index.php\/wp-json\/wp\/v2\/categories?post=17312"},{"taxonomy":"post_tag","embeddable":true,"href":"https:\/\/trayectoriadeportiva.com\/index.php\/wp-json\/wp\/v2\/tags?post=17312"}],"curies":[{"name":"wp","href":"https:\/\/api.w.org\/{rel}","templated":true}]}}