{"id":17314,"date":"2024-09-03T12:24:47","date_gmt":"2024-09-03T12:24:47","guid":{"rendered":"https:\/\/trayectoriadeportiva.com\/index.php\/2024\/09\/03\/laporta-viento-en-popa\/"},"modified":"2024-09-03T12:24:47","modified_gmt":"2024-09-03T12:24:47","slug":"laporta-viento-en-popa","status":"publish","type":"post","link":"https:\/\/trayectoriadeportiva.com\/index.php\/2024\/09\/03\/laporta-viento-en-popa\/","title":{"rendered":"Laporta, viento en popa"},"content":{"rendered":"<p>\u201cY me estoy conteniendo\u201d. Con esta frase Joan Laporta hizo sonre\u00edr a los presentes. En su opini\u00f3n no estaba vendiendo un mundo ideal, un Bar\u00e7a casi perfecto y un optimismo desaforado sino una radiograf\u00eda realista y, eso s\u00ed, tambi\u00e9n positiva de c\u00f3mo se encuentra en este momento el Bar\u00e7a en todos los terrenos. A lomos del liderato y del buen f\u00fatbol del equipo Laporta se sinti\u00f3 con naipes en la mano para presentarse viento en popa. En los momentos de mayor dificultad ha acostumbrado a caer de pie y si algo ha tenido siempre es capacidad de funambulismo.<\/p>\n<p><a href=\"https:\/\/www.lavanguardia.com\/deportes\/fc-barcelona\/20240903\/9909432\/laporta-viento-popa.html\">Seguir leyendo&#8230;<\/a><\/p>","protected":false},"excerpt":{"rendered":"<p>\u201cY me estoy conteniendo\u201d. Con esta frase Joan Laporta hizo sonre\u00edr a los presentes. En su opini\u00f3n no estaba vendiendo un mundo ideal, un Bar\u00e7a casi perfecto y un optimismo desaforado sino una radiograf\u00eda realista y, eso s\u00ed, tambi\u00e9n positiva de c\u00f3mo se encuentra en este momento el Bar\u00e7a en todos los terrenos. A lomos [&hellip;]<\/p>\n","protected":false},"author":0,"featured_media":17315,"comment_status":"","ping_status":"","sticky":false,"template":"","format":"standard","meta":{"_et_pb_use_builder":"","_et_pb_old_content":"","_et_gb_content_width":"","footnotes":""},"categories":[1],"tags":[],"class_list":["post-17314","post","type-post","status-publish","format-standard","has-post-thumbnail","hentry","category-blog","et-has-post-format-content","et_post_format-et-post-format-standard"],"_links":{"self":[{"href":"https:\/\/trayectoriadeportiva.com\/index.php\/wp-json\/wp\/v2\/posts\/17314","targetHints":{"allow":["GET"]}}],"collection":[{"href":"https:\/\/trayectoriadeportiva.com\/index.php\/wp-json\/wp\/v2\/posts"}],"about":[{"href":"https:\/\/trayectoriadeportiva.com\/index.php\/wp-json\/wp\/v2\/types\/post"}],"replies":[{"embeddable":true,"href":"https:\/\/trayectoriadeportiva.com\/index.php\/wp-json\/wp\/v2\/comments?post=17314"}],"version-history":[{"count":0,"href":"https:\/\/trayectoriadeportiva.com\/index.php\/wp-json\/wp\/v2\/posts\/17314\/revisions"}],"wp:featuredmedia":[{"embeddable":true,"href":"https:\/\/trayectoriadeportiva.com\/index.php\/wp-json\/wp\/v2\/media\/17315"}],"wp:attachment":[{"href":"https:\/\/trayectoriadeportiva.com\/index.php\/wp-json\/wp\/v2\/media?parent=17314"}],"wp:term":[{"taxonomy":"category","embeddable":true,"href":"https:\/\/trayectoriadeportiva.com\/index.php\/wp-json\/wp\/v2\/categories?post=17314"},{"taxonomy":"post_tag","embeddable":true,"href":"https:\/\/trayectoriadeportiva.com\/index.php\/wp-json\/wp\/v2\/tags?post=17314"}],"curies":[{"name":"wp","href":"https:\/\/api.w.org\/{rel}","templated":true}]}}