{"id":17357,"date":"2024-09-04T11:01:10","date_gmt":"2024-09-04T11:01:10","guid":{"rendered":"https:\/\/trayectoriadeportiva.com\/index.php\/2024\/09\/04\/sergio-garrote-revalida-su-oro-en-contrarreloj\/"},"modified":"2024-09-04T11:01:10","modified_gmt":"2024-09-04T11:01:10","slug":"sergio-garrote-revalida-su-oro-en-contrarreloj","status":"publish","type":"post","link":"https:\/\/trayectoriadeportiva.com\/index.php\/2024\/09\/04\/sergio-garrote-revalida-su-oro-en-contrarreloj\/","title":{"rendered":"Sergio Garrote revalida su oro en contrarreloj"},"content":{"rendered":"<p>El barcelon\u00e9s Sergio Garrote, en la clase H2 de bicicletas de mano, revalid\u00f3 este mi\u00e9rcoles su corona de campe\u00f3n paral\u00edmpico en la contrarreloj tras dar un recital sobre el circuito de Clichy-sous-Bois, en el que aventaj\u00f3 a sus principales rivales por m\u00e1s de 45 segundos.<\/p>\n<p><a href=\"https:\/\/www.lavanguardia.com\/deportes\/20240904\/9911384\/sergio-garrote-revalida-oro-contrarreloj-paris-paralimpicos-2024.html\">Seguir leyendo&#8230;<\/a><\/p>","protected":false},"excerpt":{"rendered":"<p>El barcelon\u00e9s Sergio Garrote, en la clase H2 de bicicletas de mano, revalid\u00f3 este mi\u00e9rcoles su corona de campe\u00f3n paral\u00edmpico en la contrarreloj tras dar un recital sobre el circuito de Clichy-sous-Bois, en el que aventaj\u00f3 a sus principales rivales por m\u00e1s de 45 segundos. Seguir leyendo&#8230;<\/p>\n","protected":false},"author":0,"featured_media":17358,"comment_status":"","ping_status":"","sticky":false,"template":"","format":"standard","meta":{"_et_pb_use_builder":"","_et_pb_old_content":"","_et_gb_content_width":"","footnotes":""},"categories":[1],"tags":[],"class_list":["post-17357","post","type-post","status-publish","format-standard","has-post-thumbnail","hentry","category-blog","et-has-post-format-content","et_post_format-et-post-format-standard"],"_links":{"self":[{"href":"https:\/\/trayectoriadeportiva.com\/index.php\/wp-json\/wp\/v2\/posts\/17357","targetHints":{"allow":["GET"]}}],"collection":[{"href":"https:\/\/trayectoriadeportiva.com\/index.php\/wp-json\/wp\/v2\/posts"}],"about":[{"href":"https:\/\/trayectoriadeportiva.com\/index.php\/wp-json\/wp\/v2\/types\/post"}],"replies":[{"embeddable":true,"href":"https:\/\/trayectoriadeportiva.com\/index.php\/wp-json\/wp\/v2\/comments?post=17357"}],"version-history":[{"count":0,"href":"https:\/\/trayectoriadeportiva.com\/index.php\/wp-json\/wp\/v2\/posts\/17357\/revisions"}],"wp:featuredmedia":[{"embeddable":true,"href":"https:\/\/trayectoriadeportiva.com\/index.php\/wp-json\/wp\/v2\/media\/17358"}],"wp:attachment":[{"href":"https:\/\/trayectoriadeportiva.com\/index.php\/wp-json\/wp\/v2\/media?parent=17357"}],"wp:term":[{"taxonomy":"category","embeddable":true,"href":"https:\/\/trayectoriadeportiva.com\/index.php\/wp-json\/wp\/v2\/categories?post=17357"},{"taxonomy":"post_tag","embeddable":true,"href":"https:\/\/trayectoriadeportiva.com\/index.php\/wp-json\/wp\/v2\/tags?post=17357"}],"curies":[{"name":"wp","href":"https:\/\/api.w.org\/{rel}","templated":true}]}}