{"id":17401,"date":"2024-09-05T12:38:43","date_gmt":"2024-09-05T12:38:43","guid":{"rendered":"https:\/\/trayectoriadeportiva.com\/index.php\/2024\/09\/05\/marlaska-replica-a-vinicius-el-respeto-a-la-diversidad-forma-parte-de-nuestro-adn\/"},"modified":"2024-09-05T12:38:43","modified_gmt":"2024-09-05T12:38:43","slug":"marlaska-replica-a-vinicius-el-respeto-a-la-diversidad-forma-parte-de-nuestro-adn","status":"publish","type":"post","link":"https:\/\/trayectoriadeportiva.com\/index.php\/2024\/09\/05\/marlaska-replica-a-vinicius-el-respeto-a-la-diversidad-forma-parte-de-nuestro-adn\/","title":{"rendered":"Marlaska replica a Vin\u00edcius: \u201cEl respeto a la diversidad forma parte de nuestro ADN\u201d"},"content":{"rendered":"<p>Las declaraciones de Vin\u00edcius Jr a la CNN, pidiendo que le retiren el Mundial del 2030 a Espa\u00f1a si siguen produci\u00e9ndose actos racistas en los estadios, contin\u00faan recibiendo respuesta por parte de diferentes figuras p\u00fablicas. El ministro del Interior, Fernando Grande-Marlaska, se ha referido este jueves a la pol\u00e9mica y ha asegurado que Espa\u00f1a ya tiene medidas \u201cefectivas\u201d contra los delitos de odio.<\/p>\n<p><a href=\"https:\/\/www.lavanguardia.com\/deportes\/futbol\/20240905\/9914351\/marlaska-replica-vinicius-respeto-diversidad-forma-parte-nuestro-adn.html\">Seguir leyendo&#8230;<\/a><\/p>","protected":false},"excerpt":{"rendered":"<p>Las declaraciones de Vin\u00edcius Jr a la CNN, pidiendo que le retiren el Mundial del 2030 a Espa\u00f1a si siguen produci\u00e9ndose actos racistas en los estadios, contin\u00faan recibiendo respuesta por parte de diferentes figuras p\u00fablicas. El ministro del Interior, Fernando Grande-Marlaska, se ha referido este jueves a la pol\u00e9mica y ha asegurado que Espa\u00f1a ya [&hellip;]<\/p>\n","protected":false},"author":0,"featured_media":17402,"comment_status":"","ping_status":"","sticky":false,"template":"","format":"standard","meta":{"_et_pb_use_builder":"","_et_pb_old_content":"","_et_gb_content_width":"","footnotes":""},"categories":[1],"tags":[],"class_list":["post-17401","post","type-post","status-publish","format-standard","has-post-thumbnail","hentry","category-blog","et-has-post-format-content","et_post_format-et-post-format-standard"],"_links":{"self":[{"href":"https:\/\/trayectoriadeportiva.com\/index.php\/wp-json\/wp\/v2\/posts\/17401","targetHints":{"allow":["GET"]}}],"collection":[{"href":"https:\/\/trayectoriadeportiva.com\/index.php\/wp-json\/wp\/v2\/posts"}],"about":[{"href":"https:\/\/trayectoriadeportiva.com\/index.php\/wp-json\/wp\/v2\/types\/post"}],"replies":[{"embeddable":true,"href":"https:\/\/trayectoriadeportiva.com\/index.php\/wp-json\/wp\/v2\/comments?post=17401"}],"version-history":[{"count":0,"href":"https:\/\/trayectoriadeportiva.com\/index.php\/wp-json\/wp\/v2\/posts\/17401\/revisions"}],"wp:featuredmedia":[{"embeddable":true,"href":"https:\/\/trayectoriadeportiva.com\/index.php\/wp-json\/wp\/v2\/media\/17402"}],"wp:attachment":[{"href":"https:\/\/trayectoriadeportiva.com\/index.php\/wp-json\/wp\/v2\/media?parent=17401"}],"wp:term":[{"taxonomy":"category","embeddable":true,"href":"https:\/\/trayectoriadeportiva.com\/index.php\/wp-json\/wp\/v2\/categories?post=17401"},{"taxonomy":"post_tag","embeddable":true,"href":"https:\/\/trayectoriadeportiva.com\/index.php\/wp-json\/wp\/v2\/tags?post=17401"}],"curies":[{"name":"wp","href":"https:\/\/api.w.org\/{rel}","templated":true}]}}