{"id":17440,"date":"2024-09-06T11:21:41","date_gmt":"2024-09-06T11:21:41","guid":{"rendered":"https:\/\/trayectoriadeportiva.com\/index.php\/2024\/09\/06\/rodrigo-sanz-nieto-de-lorenzo-sanz-se-disculpa-por-el-cantico-racista-que-fue-viral-en-china\/"},"modified":"2024-09-06T11:21:41","modified_gmt":"2024-09-06T11:21:41","slug":"rodrigo-sanz-nieto-de-lorenzo-sanz-se-disculpa-por-el-cantico-racista-que-fue-viral-en-china","status":"publish","type":"post","link":"https:\/\/trayectoriadeportiva.com\/index.php\/2024\/09\/06\/rodrigo-sanz-nieto-de-lorenzo-sanz-se-disculpa-por-el-cantico-racista-que-fue-viral-en-china\/","title":{"rendered":"Rodrigo Sanz, nieto de Lorenzo Sanz, se disculpa por el c\u00e1ntico racista que fue viral en China"},"content":{"rendered":"<p>Un <a href=\"https:\/\/www.lavanguardia.com\/deportes\/real-madrid\/20240611\/9724634\/indignacion-china-cancion-insultante-real-madrid-embajada-queja.html\">c\u00e1ntico racista y sexista, totalmente desafortunado, de Rodrigo Sanz<\/a>, nieto de Lorenzo Sanz, expresidente del Real Madrid, en los aleda\u00f1os de Wembley tras la pasada final de la Champions provoc\u00f3 una profunda indignaci\u00f3n en China, viralizado el momento por la v\u00edctima del suceso, un creador de contenido del pa\u00eds asi\u00e1tico. Dos meses despu\u00e9s, el reconocido aficionado madridista ha pedido perd\u00f3n a trav\u00e9s de un v\u00eddeo.<\/p>\n<p><a href=\"https:\/\/www.lavanguardia.com\/deportes\/futbol\/20240906\/9919077\/rodrigo-sanz-disculpas-cantico-racista-sexista-china-real-madrid-lorenzo-sanz.html\">Seguir leyendo&#8230;<\/a><\/p>","protected":false},"excerpt":{"rendered":"<p>Un c\u00e1ntico racista y sexista, totalmente desafortunado, de Rodrigo Sanz, nieto de Lorenzo Sanz, expresidente del Real Madrid, en los aleda\u00f1os de Wembley tras la pasada final de la Champions provoc\u00f3 una profunda indignaci\u00f3n en China, viralizado el momento por la v\u00edctima del suceso, un creador de contenido del pa\u00eds asi\u00e1tico. Dos meses despu\u00e9s, el [&hellip;]<\/p>\n","protected":false},"author":0,"featured_media":17441,"comment_status":"","ping_status":"","sticky":false,"template":"","format":"standard","meta":{"_et_pb_use_builder":"","_et_pb_old_content":"","_et_gb_content_width":"","footnotes":""},"categories":[1],"tags":[],"class_list":["post-17440","post","type-post","status-publish","format-standard","has-post-thumbnail","hentry","category-blog","et-has-post-format-content","et_post_format-et-post-format-standard"],"_links":{"self":[{"href":"https:\/\/trayectoriadeportiva.com\/index.php\/wp-json\/wp\/v2\/posts\/17440","targetHints":{"allow":["GET"]}}],"collection":[{"href":"https:\/\/trayectoriadeportiva.com\/index.php\/wp-json\/wp\/v2\/posts"}],"about":[{"href":"https:\/\/trayectoriadeportiva.com\/index.php\/wp-json\/wp\/v2\/types\/post"}],"replies":[{"embeddable":true,"href":"https:\/\/trayectoriadeportiva.com\/index.php\/wp-json\/wp\/v2\/comments?post=17440"}],"version-history":[{"count":0,"href":"https:\/\/trayectoriadeportiva.com\/index.php\/wp-json\/wp\/v2\/posts\/17440\/revisions"}],"wp:featuredmedia":[{"embeddable":true,"href":"https:\/\/trayectoriadeportiva.com\/index.php\/wp-json\/wp\/v2\/media\/17441"}],"wp:attachment":[{"href":"https:\/\/trayectoriadeportiva.com\/index.php\/wp-json\/wp\/v2\/media?parent=17440"}],"wp:term":[{"taxonomy":"category","embeddable":true,"href":"https:\/\/trayectoriadeportiva.com\/index.php\/wp-json\/wp\/v2\/categories?post=17440"},{"taxonomy":"post_tag","embeddable":true,"href":"https:\/\/trayectoriadeportiva.com\/index.php\/wp-json\/wp\/v2\/tags?post=17440"}],"curies":[{"name":"wp","href":"https:\/\/api.w.org\/{rel}","templated":true}]}}