{"id":17442,"date":"2024-09-06T12:19:07","date_gmt":"2024-09-06T12:19:07","guid":{"rendered":"https:\/\/trayectoriadeportiva.com\/index.php\/2024\/09\/06\/oyarzabal-abandona-la-concentracion-de-espana-por-una-lesion-de-tobillo\/"},"modified":"2024-09-06T12:19:07","modified_gmt":"2024-09-06T12:19:07","slug":"oyarzabal-abandona-la-concentracion-de-espana-por-una-lesion-de-tobillo","status":"publish","type":"post","link":"https:\/\/trayectoriadeportiva.com\/index.php\/2024\/09\/06\/oyarzabal-abandona-la-concentracion-de-espana-por-una-lesion-de-tobillo\/","title":{"rendered":"Oyarz\u00e1bal abandona la concentraci\u00f3n de Espa\u00f1a por una lesi\u00f3n de tobillo"},"content":{"rendered":"<p>El primer partido oficial de la temporada para la selecci\u00f3n espa\u00f1ola se ha cobrado una v\u00edctima. El empate sin goles que cosech\u00f3 Espa\u00f1a ante Serbia, en lo que supuso su estreno en la Nations League, supuso la lesi\u00f3n de Mikel Oyarz\u00e1bal.<\/p>\n<p><a href=\"https:\/\/www.lavanguardia.com\/deportes\/futbol\/20240906\/9919577\/mikel-oyarzabal-lesion-espana-serbia.html\">Seguir leyendo&#8230;<\/a><\/p>","protected":false},"excerpt":{"rendered":"<p>El primer partido oficial de la temporada para la selecci\u00f3n espa\u00f1ola se ha cobrado una v\u00edctima. El empate sin goles que cosech\u00f3 Espa\u00f1a ante Serbia, en lo que supuso su estreno en la Nations League, supuso la lesi\u00f3n de Mikel Oyarz\u00e1bal. Seguir leyendo&#8230;<\/p>\n","protected":false},"author":0,"featured_media":17443,"comment_status":"","ping_status":"","sticky":false,"template":"","format":"standard","meta":{"_et_pb_use_builder":"","_et_pb_old_content":"","_et_gb_content_width":"","footnotes":""},"categories":[1],"tags":[],"class_list":["post-17442","post","type-post","status-publish","format-standard","has-post-thumbnail","hentry","category-blog","et-has-post-format-content","et_post_format-et-post-format-standard"],"_links":{"self":[{"href":"https:\/\/trayectoriadeportiva.com\/index.php\/wp-json\/wp\/v2\/posts\/17442","targetHints":{"allow":["GET"]}}],"collection":[{"href":"https:\/\/trayectoriadeportiva.com\/index.php\/wp-json\/wp\/v2\/posts"}],"about":[{"href":"https:\/\/trayectoriadeportiva.com\/index.php\/wp-json\/wp\/v2\/types\/post"}],"replies":[{"embeddable":true,"href":"https:\/\/trayectoriadeportiva.com\/index.php\/wp-json\/wp\/v2\/comments?post=17442"}],"version-history":[{"count":0,"href":"https:\/\/trayectoriadeportiva.com\/index.php\/wp-json\/wp\/v2\/posts\/17442\/revisions"}],"wp:featuredmedia":[{"embeddable":true,"href":"https:\/\/trayectoriadeportiva.com\/index.php\/wp-json\/wp\/v2\/media\/17443"}],"wp:attachment":[{"href":"https:\/\/trayectoriadeportiva.com\/index.php\/wp-json\/wp\/v2\/media?parent=17442"}],"wp:term":[{"taxonomy":"category","embeddable":true,"href":"https:\/\/trayectoriadeportiva.com\/index.php\/wp-json\/wp\/v2\/categories?post=17442"},{"taxonomy":"post_tag","embeddable":true,"href":"https:\/\/trayectoriadeportiva.com\/index.php\/wp-json\/wp\/v2\/tags?post=17442"}],"curies":[{"name":"wp","href":"https:\/\/api.w.org\/{rel}","templated":true}]}}