{"id":17573,"date":"2024-09-09T12:04:46","date_gmt":"2024-09-09T12:04:46","guid":{"rendered":"https:\/\/trayectoriadeportiva.com\/index.php\/2024\/09\/09\/carcel-nos-equivocaremos-mucho-si-comparamos-con-el-ano-pasado\/"},"modified":"2024-09-09T12:04:46","modified_gmt":"2024-09-09T12:04:46","slug":"carcel-nos-equivocaremos-mucho-si-comparamos-con-el-ano-pasado","status":"publish","type":"post","link":"https:\/\/trayectoriadeportiva.com\/index.php\/2024\/09\/09\/carcel-nos-equivocaremos-mucho-si-comparamos-con-el-ano-pasado\/","title":{"rendered":"C\u00e1rcel: \u201cNos equivocaremos mucho si comparamos con el a\u00f1o pasado\u201d"},"content":{"rendered":"<p>El director deportivo del Girona, Quique C\u00e1rcel, remarc\u00f3 este lunes en rueda de prensa que ser\u00eda equivocarse \u201cmucho\u201d comparar esta temporada con la pasada, porque fue \u201cuna cosa incre\u00edble que nadie se pod\u00eda imaginar\u201d y record\u00f3 adem\u00e1s que se han marchado \u201ccinco o seis jugadores titulares muy importantes\u201d.<\/p>\n<p><a href=\"https:\/\/www.lavanguardia.com\/deportes\/futbol\/20240909\/9925704\/girona-balance-mercado-quique-carcel-dovbyk-aleix-garcia.html\">Seguir leyendo&#8230;<\/a><\/p>","protected":false},"excerpt":{"rendered":"<p>El director deportivo del Girona, Quique C\u00e1rcel, remarc\u00f3 este lunes en rueda de prensa que ser\u00eda equivocarse \u201cmucho\u201d comparar esta temporada con la pasada, porque fue \u201cuna cosa incre\u00edble que nadie se pod\u00eda imaginar\u201d y record\u00f3 adem\u00e1s que se han marchado \u201ccinco o seis jugadores titulares muy importantes\u201d. Seguir leyendo&#8230;<\/p>\n","protected":false},"author":0,"featured_media":17574,"comment_status":"","ping_status":"","sticky":false,"template":"","format":"standard","meta":{"_et_pb_use_builder":"","_et_pb_old_content":"","_et_gb_content_width":"","footnotes":""},"categories":[1],"tags":[],"class_list":["post-17573","post","type-post","status-publish","format-standard","has-post-thumbnail","hentry","category-blog","et-has-post-format-content","et_post_format-et-post-format-standard"],"_links":{"self":[{"href":"https:\/\/trayectoriadeportiva.com\/index.php\/wp-json\/wp\/v2\/posts\/17573","targetHints":{"allow":["GET"]}}],"collection":[{"href":"https:\/\/trayectoriadeportiva.com\/index.php\/wp-json\/wp\/v2\/posts"}],"about":[{"href":"https:\/\/trayectoriadeportiva.com\/index.php\/wp-json\/wp\/v2\/types\/post"}],"replies":[{"embeddable":true,"href":"https:\/\/trayectoriadeportiva.com\/index.php\/wp-json\/wp\/v2\/comments?post=17573"}],"version-history":[{"count":0,"href":"https:\/\/trayectoriadeportiva.com\/index.php\/wp-json\/wp\/v2\/posts\/17573\/revisions"}],"wp:featuredmedia":[{"embeddable":true,"href":"https:\/\/trayectoriadeportiva.com\/index.php\/wp-json\/wp\/v2\/media\/17574"}],"wp:attachment":[{"href":"https:\/\/trayectoriadeportiva.com\/index.php\/wp-json\/wp\/v2\/media?parent=17573"}],"wp:term":[{"taxonomy":"category","embeddable":true,"href":"https:\/\/trayectoriadeportiva.com\/index.php\/wp-json\/wp\/v2\/categories?post=17573"},{"taxonomy":"post_tag","embeddable":true,"href":"https:\/\/trayectoriadeportiva.com\/index.php\/wp-json\/wp\/v2\/tags?post=17573"}],"curies":[{"name":"wp","href":"https:\/\/api.w.org\/{rel}","templated":true}]}}