{"id":17622,"date":"2024-09-11T05:00:00","date_gmt":"2024-09-11T05:00:00","guid":{"rendered":"https:\/\/trayectoriadeportiva.com\/index.php\/2024\/09\/11\/arrancan-los-entrenamientos-de-la-competicion-para-menores-de-25-anos-de-la-copa-del-america\/"},"modified":"2024-09-11T05:00:00","modified_gmt":"2024-09-11T05:00:00","slug":"arrancan-los-entrenamientos-de-la-competicion-para-menores-de-25-anos-de-la-copa-del-america","status":"publish","type":"post","link":"https:\/\/trayectoriadeportiva.com\/index.php\/2024\/09\/11\/arrancan-los-entrenamientos-de-la-competicion-para-menores-de-25-anos-de-la-copa-del-america\/","title":{"rendered":"Arrancan los entrenamientos de la competici\u00f3n para menores de 25 a\u00f1os de la Copa del Am\u00e9rica"},"content":{"rendered":"<p>La tercera edici\u00f3n de la Copa del Am\u00e9rica Joven, que se disputar\u00e1 del 17 al 26 de septiembre en el marco de la 37\u00aa Copa del Am\u00e9rica de Barcelona, se ha puesto en marcha este martes con la primera sesi\u00f3n de entrenamiento de los seis equipos invitados, que se unir\u00e1n a los seis equipos que compiten en la Copa absoluta.<\/p>\n<p><a href=\"https:\/\/www.lavanguardia.com\/deportes\/vela\/20240911\/9928726\/entrenamientos-competicion-copa-del-america.html\">Seguir leyendo&#8230;<\/a><\/p>","protected":false},"excerpt":{"rendered":"<p>La tercera edici\u00f3n de la Copa del Am\u00e9rica Joven, que se disputar\u00e1 del 17 al 26 de septiembre en el marco de la 37\u00aa Copa del Am\u00e9rica de Barcelona, se ha puesto en marcha este martes con la primera sesi\u00f3n de entrenamiento de los seis equipos invitados, que se unir\u00e1n a los seis equipos que [&hellip;]<\/p>\n","protected":false},"author":0,"featured_media":17623,"comment_status":"","ping_status":"","sticky":false,"template":"","format":"standard","meta":{"_et_pb_use_builder":"","_et_pb_old_content":"","_et_gb_content_width":"","footnotes":""},"categories":[1],"tags":[],"class_list":["post-17622","post","type-post","status-publish","format-standard","has-post-thumbnail","hentry","category-blog","et-has-post-format-content","et_post_format-et-post-format-standard"],"_links":{"self":[{"href":"https:\/\/trayectoriadeportiva.com\/index.php\/wp-json\/wp\/v2\/posts\/17622","targetHints":{"allow":["GET"]}}],"collection":[{"href":"https:\/\/trayectoriadeportiva.com\/index.php\/wp-json\/wp\/v2\/posts"}],"about":[{"href":"https:\/\/trayectoriadeportiva.com\/index.php\/wp-json\/wp\/v2\/types\/post"}],"replies":[{"embeddable":true,"href":"https:\/\/trayectoriadeportiva.com\/index.php\/wp-json\/wp\/v2\/comments?post=17622"}],"version-history":[{"count":0,"href":"https:\/\/trayectoriadeportiva.com\/index.php\/wp-json\/wp\/v2\/posts\/17622\/revisions"}],"wp:featuredmedia":[{"embeddable":true,"href":"https:\/\/trayectoriadeportiva.com\/index.php\/wp-json\/wp\/v2\/media\/17623"}],"wp:attachment":[{"href":"https:\/\/trayectoriadeportiva.com\/index.php\/wp-json\/wp\/v2\/media?parent=17622"}],"wp:term":[{"taxonomy":"category","embeddable":true,"href":"https:\/\/trayectoriadeportiva.com\/index.php\/wp-json\/wp\/v2\/categories?post=17622"},{"taxonomy":"post_tag","embeddable":true,"href":"https:\/\/trayectoriadeportiva.com\/index.php\/wp-json\/wp\/v2\/tags?post=17622"}],"curies":[{"name":"wp","href":"https:\/\/api.w.org\/{rel}","templated":true}]}}