{"id":17663,"date":"2024-09-12T14:53:37","date_gmt":"2024-09-12T14:53:37","guid":{"rendered":"https:\/\/trayectoriadeportiva.com\/index.php\/2024\/09\/12\/el-fair-play-financiero-del-barcelona-mejora-pasa-de-204-a-426-millones\/"},"modified":"2024-09-12T14:53:37","modified_gmt":"2024-09-12T14:53:37","slug":"el-fair-play-financiero-del-barcelona-mejora-pasa-de-204-a-426-millones","status":"publish","type":"post","link":"https:\/\/trayectoriadeportiva.com\/index.php\/2024\/09\/12\/el-fair-play-financiero-del-barcelona-mejora-pasa-de-204-a-426-millones\/","title":{"rendered":"El &#8216;fair play&#8217; financiero del Barcelona mejora: pasa de 204 a 426 millones"},"content":{"rendered":"<p>En siete meses, el FC Barcelona ha logrado duplicar, a ojos de LaLiga, el l\u00edmite de su coste de plantilla. En la anterior actualizaci\u00f3n, <a href=\"https:\/\/www.lavanguardia.com\/deportes\/fc-barcelona\/20240220\/9524582\/barcelona-limite-salarial-reduce-65-millones-laliga-real-madrid-atletico.html\">en febrero, la patronal consideraba que el m\u00e1ximo que el Bar\u00e7a pod\u00eda gastar en sueldos era 204 millones<\/a>. Sin embargo, ahora LaLiga ha elevado ese tope hasta los 426 millones tras el cierre del mercado de verano.<\/p>\n<p><a href=\"https:\/\/www.lavanguardia.com\/deportes\/fc-barcelona\/20240912\/9936132\/barca-logra-duplicar-limite-coste-plantilla-204-426-millones.html\">Seguir leyendo&#8230;<\/a><\/p>","protected":false},"excerpt":{"rendered":"<p>En siete meses, el FC Barcelona ha logrado duplicar, a ojos de LaLiga, el l\u00edmite de su coste de plantilla. En la anterior actualizaci\u00f3n, en febrero, la patronal consideraba que el m\u00e1ximo que el Bar\u00e7a pod\u00eda gastar en sueldos era 204 millones. Sin embargo, ahora LaLiga ha elevado ese tope hasta los 426 millones tras [&hellip;]<\/p>\n","protected":false},"author":0,"featured_media":17664,"comment_status":"","ping_status":"","sticky":false,"template":"","format":"standard","meta":{"_et_pb_use_builder":"","_et_pb_old_content":"","_et_gb_content_width":"","footnotes":""},"categories":[1],"tags":[],"class_list":["post-17663","post","type-post","status-publish","format-standard","has-post-thumbnail","hentry","category-blog","et-has-post-format-content","et_post_format-et-post-format-standard"],"_links":{"self":[{"href":"https:\/\/trayectoriadeportiva.com\/index.php\/wp-json\/wp\/v2\/posts\/17663","targetHints":{"allow":["GET"]}}],"collection":[{"href":"https:\/\/trayectoriadeportiva.com\/index.php\/wp-json\/wp\/v2\/posts"}],"about":[{"href":"https:\/\/trayectoriadeportiva.com\/index.php\/wp-json\/wp\/v2\/types\/post"}],"replies":[{"embeddable":true,"href":"https:\/\/trayectoriadeportiva.com\/index.php\/wp-json\/wp\/v2\/comments?post=17663"}],"version-history":[{"count":0,"href":"https:\/\/trayectoriadeportiva.com\/index.php\/wp-json\/wp\/v2\/posts\/17663\/revisions"}],"wp:featuredmedia":[{"embeddable":true,"href":"https:\/\/trayectoriadeportiva.com\/index.php\/wp-json\/wp\/v2\/media\/17664"}],"wp:attachment":[{"href":"https:\/\/trayectoriadeportiva.com\/index.php\/wp-json\/wp\/v2\/media?parent=17663"}],"wp:term":[{"taxonomy":"category","embeddable":true,"href":"https:\/\/trayectoriadeportiva.com\/index.php\/wp-json\/wp\/v2\/categories?post=17663"},{"taxonomy":"post_tag","embeddable":true,"href":"https:\/\/trayectoriadeportiva.com\/index.php\/wp-json\/wp\/v2\/tags?post=17663"}],"curies":[{"name":"wp","href":"https:\/\/api.w.org\/{rel}","templated":true}]}}