{"id":17669,"date":"2024-09-12T17:07:28","date_gmt":"2024-09-12T17:07:28","guid":{"rendered":"https:\/\/trayectoriadeportiva.com\/index.php\/2024\/09\/12\/alcaraz-y-ferrer-vacilan-a-ferrero-en-el-entrenamiento-de-la-davis-siempre-golf\/"},"modified":"2024-09-12T17:07:28","modified_gmt":"2024-09-12T17:07:28","slug":"alcaraz-y-ferrer-vacilan-a-ferrero-en-el-entrenamiento-de-la-davis-siempre-golf","status":"publish","type":"post","link":"https:\/\/trayectoriadeportiva.com\/index.php\/2024\/09\/12\/alcaraz-y-ferrer-vacilan-a-ferrero-en-el-entrenamiento-de-la-davis-siempre-golf\/","title":{"rendered":"Alcaraz y Ferrer vacilan a Ferrero en el entrenamiento de la Davis: \u201cSiempre golf\u201d"},"content":{"rendered":"<p>En los momentos previos al partido contra la Rep\u00fablica Checa en la Copa Davis, Carlos Alcaraz protagoniz\u00f3 una divertida escena junto a su entrenador Juan Carlos Ferrero y el capit\u00e1n del equipo espa\u00f1ol, David Ferrer. En un ambiente relajado, el joven tenista de El Palmar, apasionado del golf, intent\u00f3 imitar un putt con una pelota de tenis en plena pista, en un claro gui\u00f1o a su otra gran afici\u00f3n.\u00a0<\/p>\n<p><a href=\"https:\/\/www.lavanguardia.com\/cribeo\/20240912\/9936587\/alcaraz-ferrer-vacilan-ferrero-entrenamiento-davis-siempre-golf-pmv.html\">Seguir leyendo&#8230;<\/a><\/p>","protected":false},"excerpt":{"rendered":"<p>En los momentos previos al partido contra la Rep\u00fablica Checa en la Copa Davis, Carlos Alcaraz protagoniz\u00f3 una divertida escena junto a su entrenador Juan Carlos Ferrero y el capit\u00e1n del equipo espa\u00f1ol, David Ferrer. En un ambiente relajado, el joven tenista de El Palmar, apasionado del golf, intent\u00f3 imitar un putt con una pelota [&hellip;]<\/p>\n","protected":false},"author":0,"featured_media":17670,"comment_status":"","ping_status":"","sticky":false,"template":"","format":"standard","meta":{"_et_pb_use_builder":"","_et_pb_old_content":"","_et_gb_content_width":"","footnotes":""},"categories":[1],"tags":[],"class_list":["post-17669","post","type-post","status-publish","format-standard","has-post-thumbnail","hentry","category-blog","et-has-post-format-content","et_post_format-et-post-format-standard"],"_links":{"self":[{"href":"https:\/\/trayectoriadeportiva.com\/index.php\/wp-json\/wp\/v2\/posts\/17669","targetHints":{"allow":["GET"]}}],"collection":[{"href":"https:\/\/trayectoriadeportiva.com\/index.php\/wp-json\/wp\/v2\/posts"}],"about":[{"href":"https:\/\/trayectoriadeportiva.com\/index.php\/wp-json\/wp\/v2\/types\/post"}],"replies":[{"embeddable":true,"href":"https:\/\/trayectoriadeportiva.com\/index.php\/wp-json\/wp\/v2\/comments?post=17669"}],"version-history":[{"count":0,"href":"https:\/\/trayectoriadeportiva.com\/index.php\/wp-json\/wp\/v2\/posts\/17669\/revisions"}],"wp:featuredmedia":[{"embeddable":true,"href":"https:\/\/trayectoriadeportiva.com\/index.php\/wp-json\/wp\/v2\/media\/17670"}],"wp:attachment":[{"href":"https:\/\/trayectoriadeportiva.com\/index.php\/wp-json\/wp\/v2\/media?parent=17669"}],"wp:term":[{"taxonomy":"category","embeddable":true,"href":"https:\/\/trayectoriadeportiva.com\/index.php\/wp-json\/wp\/v2\/categories?post=17669"},{"taxonomy":"post_tag","embeddable":true,"href":"https:\/\/trayectoriadeportiva.com\/index.php\/wp-json\/wp\/v2\/tags?post=17669"}],"curies":[{"name":"wp","href":"https:\/\/api.w.org\/{rel}","templated":true}]}}