{"id":17681,"date":"2024-09-13T04:00:00","date_gmt":"2024-09-13T04:00:00","guid":{"rendered":"https:\/\/trayectoriadeportiva.com\/index.php\/2024\/09\/13\/la-matagalls-montserrat-cuelga-el-cartel-de-completo-al-llegar-a-los-3-000-inscritos\/"},"modified":"2024-09-13T04:00:00","modified_gmt":"2024-09-13T04:00:00","slug":"la-matagalls-montserrat-cuelga-el-cartel-de-completo-al-llegar-a-los-3-000-inscritos","status":"publish","type":"post","link":"https:\/\/trayectoriadeportiva.com\/index.php\/2024\/09\/13\/la-matagalls-montserrat-cuelga-el-cartel-de-completo-al-llegar-a-los-3-000-inscritos\/","title":{"rendered":"La Matagalls-Montserrat cuelga el cartel de completo al llegar a los 3.000 inscritos"},"content":{"rendered":"<p>Los 3.000 inscritos en la Matagalls-Montserrat, la marcha de resistencia m\u00e1s veterana de Catalunya, saldr\u00e1n ma\u00f1ana s\u00e1bado, a partir de las tres de la tarde y en grupos de 20 personas cada minuto, de la localidad de El Brull (Osona) para recorrer un total de 83,4 kil\u00f3metros con cerca de 3.000 metros de desnivel positivo, en un tiempo m\u00e1ximo de 24 horas.<\/p>\n<p><a href=\"https:\/\/www.lavanguardia.com\/vida\/20240913\/9936838\/matagalls-montserrat-cuelga-cartel-completo-llegar-3-000-inscritos.html\">Seguir leyendo&#8230;<\/a><\/p>","protected":false},"excerpt":{"rendered":"<p>Los 3.000 inscritos en la Matagalls-Montserrat, la marcha de resistencia m\u00e1s veterana de Catalunya, saldr\u00e1n ma\u00f1ana s\u00e1bado, a partir de las tres de la tarde y en grupos de 20 personas cada minuto, de la localidad de El Brull (Osona) para recorrer un total de 83,4 kil\u00f3metros con cerca de 3.000 metros de desnivel positivo, [&hellip;]<\/p>\n","protected":false},"author":0,"featured_media":17682,"comment_status":"","ping_status":"","sticky":false,"template":"","format":"standard","meta":{"_et_pb_use_builder":"","_et_pb_old_content":"","_et_gb_content_width":"","footnotes":""},"categories":[1],"tags":[],"class_list":["post-17681","post","type-post","status-publish","format-standard","has-post-thumbnail","hentry","category-blog","et-has-post-format-content","et_post_format-et-post-format-standard"],"_links":{"self":[{"href":"https:\/\/trayectoriadeportiva.com\/index.php\/wp-json\/wp\/v2\/posts\/17681","targetHints":{"allow":["GET"]}}],"collection":[{"href":"https:\/\/trayectoriadeportiva.com\/index.php\/wp-json\/wp\/v2\/posts"}],"about":[{"href":"https:\/\/trayectoriadeportiva.com\/index.php\/wp-json\/wp\/v2\/types\/post"}],"replies":[{"embeddable":true,"href":"https:\/\/trayectoriadeportiva.com\/index.php\/wp-json\/wp\/v2\/comments?post=17681"}],"version-history":[{"count":0,"href":"https:\/\/trayectoriadeportiva.com\/index.php\/wp-json\/wp\/v2\/posts\/17681\/revisions"}],"wp:featuredmedia":[{"embeddable":true,"href":"https:\/\/trayectoriadeportiva.com\/index.php\/wp-json\/wp\/v2\/media\/17682"}],"wp:attachment":[{"href":"https:\/\/trayectoriadeportiva.com\/index.php\/wp-json\/wp\/v2\/media?parent=17681"}],"wp:term":[{"taxonomy":"category","embeddable":true,"href":"https:\/\/trayectoriadeportiva.com\/index.php\/wp-json\/wp\/v2\/categories?post=17681"},{"taxonomy":"post_tag","embeddable":true,"href":"https:\/\/trayectoriadeportiva.com\/index.php\/wp-json\/wp\/v2\/tags?post=17681"}],"curies":[{"name":"wp","href":"https:\/\/api.w.org\/{rel}","templated":true}]}}