{"id":17729,"date":"2024-09-14T05:00:00","date_gmt":"2024-09-14T05:00:00","guid":{"rendered":"https:\/\/trayectoriadeportiva.com\/index.php\/2024\/09\/14\/el-merchandising-de-las-tiendas-oficiales-de-la-37a-copa-del-america-encandila-a-los-fans\/"},"modified":"2024-09-14T05:00:00","modified_gmt":"2024-09-14T05:00:00","slug":"el-merchandising-de-las-tiendas-oficiales-de-la-37a-copa-del-america-encandila-a-los-fans","status":"publish","type":"post","link":"https:\/\/trayectoriadeportiva.com\/index.php\/2024\/09\/14\/el-merchandising-de-las-tiendas-oficiales-de-la-37a-copa-del-america-encandila-a-los-fans\/","title":{"rendered":"El merchandising de las tiendas oficiales de la 37\u00aa Copa del Am\u00e9rica encandila a los fans"},"content":{"rendered":"<p>Los miles de fans que pasean estos d\u00edas por el Race Village del Moll de la Fusta de Barcelona, con motivo de la Copa del Am\u00e9rica, tienen una cita obligada en la tienda oficial de la Louis Vuitton. La tienda, que abri\u00f3 coincidiendo con el primer d\u00eda de la Regata Preliminar, hace las delicias de los aficionados.<\/p>\n<p><a href=\"https:\/\/www.lavanguardia.com\/deportes\/vela\/20240914\/9940045\/merchandising-copa-america-encandila-fans-barcelona.html\">Seguir leyendo&#8230;<\/a><\/p>","protected":false},"excerpt":{"rendered":"<p>Los miles de fans que pasean estos d\u00edas por el Race Village del Moll de la Fusta de Barcelona, con motivo de la Copa del Am\u00e9rica, tienen una cita obligada en la tienda oficial de la Louis Vuitton. La tienda, que abri\u00f3 coincidiendo con el primer d\u00eda de la Regata Preliminar, hace las delicias de [&hellip;]<\/p>\n","protected":false},"author":0,"featured_media":17730,"comment_status":"","ping_status":"","sticky":false,"template":"","format":"standard","meta":{"_et_pb_use_builder":"","_et_pb_old_content":"","_et_gb_content_width":"","footnotes":""},"categories":[1],"tags":[],"class_list":["post-17729","post","type-post","status-publish","format-standard","has-post-thumbnail","hentry","category-blog","et-has-post-format-content","et_post_format-et-post-format-standard"],"_links":{"self":[{"href":"https:\/\/trayectoriadeportiva.com\/index.php\/wp-json\/wp\/v2\/posts\/17729","targetHints":{"allow":["GET"]}}],"collection":[{"href":"https:\/\/trayectoriadeportiva.com\/index.php\/wp-json\/wp\/v2\/posts"}],"about":[{"href":"https:\/\/trayectoriadeportiva.com\/index.php\/wp-json\/wp\/v2\/types\/post"}],"replies":[{"embeddable":true,"href":"https:\/\/trayectoriadeportiva.com\/index.php\/wp-json\/wp\/v2\/comments?post=17729"}],"version-history":[{"count":0,"href":"https:\/\/trayectoriadeportiva.com\/index.php\/wp-json\/wp\/v2\/posts\/17729\/revisions"}],"wp:featuredmedia":[{"embeddable":true,"href":"https:\/\/trayectoriadeportiva.com\/index.php\/wp-json\/wp\/v2\/media\/17730"}],"wp:attachment":[{"href":"https:\/\/trayectoriadeportiva.com\/index.php\/wp-json\/wp\/v2\/media?parent=17729"}],"wp:term":[{"taxonomy":"category","embeddable":true,"href":"https:\/\/trayectoriadeportiva.com\/index.php\/wp-json\/wp\/v2\/categories?post=17729"},{"taxonomy":"post_tag","embeddable":true,"href":"https:\/\/trayectoriadeportiva.com\/index.php\/wp-json\/wp\/v2\/tags?post=17729"}],"curies":[{"name":"wp","href":"https:\/\/api.w.org\/{rel}","templated":true}]}}