{"id":17896,"date":"2024-09-16T08:09:59","date_gmt":"2024-09-16T08:09:59","guid":{"rendered":"https:\/\/trayectoriadeportiva.com\/index.php\/2024\/09\/16\/rafael-nadal-podria-estar-en-la-copa-davis-segun-ferrer\/"},"modified":"2024-09-16T08:09:59","modified_gmt":"2024-09-16T08:09:59","slug":"rafael-nadal-podria-estar-en-la-copa-davis-segun-ferrer","status":"publish","type":"post","link":"https:\/\/trayectoriadeportiva.com\/index.php\/2024\/09\/16\/rafael-nadal-podria-estar-en-la-copa-davis-segun-ferrer\/","title":{"rendered":"Rafael Nadal podr\u00eda estar en la Copa Davis, seg\u00fan Ferrer"},"content":{"rendered":"<p>El capit\u00e1n espa\u00f1ol de Copa Davis, David Ferrer, abre la puerta al regreso de Rafa Nadal a la competici\u00f3n. Tras superar a Australia en la eliminatoria disputada en Val\u00e8ncia (2-1), Ferrer coment\u00f3 que\u00a0\u201ccabe la posibilidad de que Rafa Nadal pueda estar en M\u00e1laga\u201d en la Final 8 que se disputar\u00e1 del 19 al 24 de noviembre en M\u00e1laga. Espa\u00f1a ser\u00e1 uno de las cuatro cabezas de serie, tras acabar el domingo primera en la Fase de Grupos.<\/p>\n<p><a href=\"https:\/\/www.lavanguardia.com\/deportes\/20240916\/9943537\/rafael-nadal-copa-davis-ferrer-tenis-regreso-final-8-malaga.html\">Seguir leyendo&#8230;<\/a><\/p>","protected":false},"excerpt":{"rendered":"<p>El capit\u00e1n espa\u00f1ol de Copa Davis, David Ferrer, abre la puerta al regreso de Rafa Nadal a la competici\u00f3n. Tras superar a Australia en la eliminatoria disputada en Val\u00e8ncia (2-1), Ferrer coment\u00f3 que\u00a0\u201ccabe la posibilidad de que Rafa Nadal pueda estar en M\u00e1laga\u201d en la Final 8 que se disputar\u00e1 del 19 al 24 de [&hellip;]<\/p>\n","protected":false},"author":0,"featured_media":17897,"comment_status":"","ping_status":"","sticky":false,"template":"","format":"standard","meta":{"_et_pb_use_builder":"","_et_pb_old_content":"","_et_gb_content_width":"","footnotes":""},"categories":[1],"tags":[],"class_list":["post-17896","post","type-post","status-publish","format-standard","has-post-thumbnail","hentry","category-blog","et-has-post-format-content","et_post_format-et-post-format-standard"],"_links":{"self":[{"href":"https:\/\/trayectoriadeportiva.com\/index.php\/wp-json\/wp\/v2\/posts\/17896","targetHints":{"allow":["GET"]}}],"collection":[{"href":"https:\/\/trayectoriadeportiva.com\/index.php\/wp-json\/wp\/v2\/posts"}],"about":[{"href":"https:\/\/trayectoriadeportiva.com\/index.php\/wp-json\/wp\/v2\/types\/post"}],"replies":[{"embeddable":true,"href":"https:\/\/trayectoriadeportiva.com\/index.php\/wp-json\/wp\/v2\/comments?post=17896"}],"version-history":[{"count":0,"href":"https:\/\/trayectoriadeportiva.com\/index.php\/wp-json\/wp\/v2\/posts\/17896\/revisions"}],"wp:featuredmedia":[{"embeddable":true,"href":"https:\/\/trayectoriadeportiva.com\/index.php\/wp-json\/wp\/v2\/media\/17897"}],"wp:attachment":[{"href":"https:\/\/trayectoriadeportiva.com\/index.php\/wp-json\/wp\/v2\/media?parent=17896"}],"wp:term":[{"taxonomy":"category","embeddable":true,"href":"https:\/\/trayectoriadeportiva.com\/index.php\/wp-json\/wp\/v2\/categories?post=17896"},{"taxonomy":"post_tag","embeddable":true,"href":"https:\/\/trayectoriadeportiva.com\/index.php\/wp-json\/wp\/v2\/tags?post=17896"}],"curies":[{"name":"wp","href":"https:\/\/api.w.org\/{rel}","templated":true}]}}