{"id":17938,"date":"2024-09-17T08:09:04","date_gmt":"2024-09-17T08:09:04","guid":{"rendered":"https:\/\/trayectoriadeportiva.com\/index.php\/2024\/09\/17\/el-barca-presenta-su-tercera-equipacion-verde-esperanza-inspirada-en-el-futbol-femenino\/"},"modified":"2024-09-17T08:09:04","modified_gmt":"2024-09-17T08:09:04","slug":"el-barca-presenta-su-tercera-equipacion-verde-esperanza-inspirada-en-el-futbol-femenino","status":"publish","type":"post","link":"https:\/\/trayectoriadeportiva.com\/index.php\/2024\/09\/17\/el-barca-presenta-su-tercera-equipacion-verde-esperanza-inspirada-en-el-futbol-femenino\/","title":{"rendered":"El Bar\u00e7a presenta su tercera equipaci\u00f3n \u201cverde esperanza\u201d inspirada en el f\u00fatbol femenino"},"content":{"rendered":"<p>Despu\u00e9s de la primera y la segunda, el Bar\u00e7a ha presentado este martes la tercera equipaci\u00f3n que lucir\u00e1n el primer equipo masculino y femenino durante la presente temporada. La prenda se distingue por el color verde que, seg\u00fan el club blaugrana, simboliza una \u201cconexi\u00f3n con la esperanza y la renovaci\u00f3n\u201d.<\/p>\n<p><a href=\"https:\/\/www.lavanguardia.com\/deportes\/20240917\/9946284\/barcelona-tercera-equipacion-presenta-verde-esperanza-futbol-femenino.html\">Seguir leyendo&#8230;<\/a><\/p>","protected":false},"excerpt":{"rendered":"<p>Despu\u00e9s de la primera y la segunda, el Bar\u00e7a ha presentado este martes la tercera equipaci\u00f3n que lucir\u00e1n el primer equipo masculino y femenino durante la presente temporada. La prenda se distingue por el color verde que, seg\u00fan el club blaugrana, simboliza una \u201cconexi\u00f3n con la esperanza y la renovaci\u00f3n\u201d. Seguir leyendo&#8230;<\/p>\n","protected":false},"author":0,"featured_media":17939,"comment_status":"","ping_status":"","sticky":false,"template":"","format":"standard","meta":{"_et_pb_use_builder":"","_et_pb_old_content":"","_et_gb_content_width":"","footnotes":""},"categories":[1],"tags":[],"class_list":["post-17938","post","type-post","status-publish","format-standard","has-post-thumbnail","hentry","category-blog","et-has-post-format-content","et_post_format-et-post-format-standard"],"_links":{"self":[{"href":"https:\/\/trayectoriadeportiva.com\/index.php\/wp-json\/wp\/v2\/posts\/17938","targetHints":{"allow":["GET"]}}],"collection":[{"href":"https:\/\/trayectoriadeportiva.com\/index.php\/wp-json\/wp\/v2\/posts"}],"about":[{"href":"https:\/\/trayectoriadeportiva.com\/index.php\/wp-json\/wp\/v2\/types\/post"}],"replies":[{"embeddable":true,"href":"https:\/\/trayectoriadeportiva.com\/index.php\/wp-json\/wp\/v2\/comments?post=17938"}],"version-history":[{"count":0,"href":"https:\/\/trayectoriadeportiva.com\/index.php\/wp-json\/wp\/v2\/posts\/17938\/revisions"}],"wp:featuredmedia":[{"embeddable":true,"href":"https:\/\/trayectoriadeportiva.com\/index.php\/wp-json\/wp\/v2\/media\/17939"}],"wp:attachment":[{"href":"https:\/\/trayectoriadeportiva.com\/index.php\/wp-json\/wp\/v2\/media?parent=17938"}],"wp:term":[{"taxonomy":"category","embeddable":true,"href":"https:\/\/trayectoriadeportiva.com\/index.php\/wp-json\/wp\/v2\/categories?post=17938"},{"taxonomy":"post_tag","embeddable":true,"href":"https:\/\/trayectoriadeportiva.com\/index.php\/wp-json\/wp\/v2\/tags?post=17938"}],"curies":[{"name":"wp","href":"https:\/\/api.w.org\/{rel}","templated":true}]}}