{"id":1796,"date":"2023-10-27T04:00:00","date_gmt":"2023-10-27T04:00:00","guid":{"rendered":"https:\/\/trayectoriadeportiva.com\/index.php\/2023\/10\/27\/o-impone-su-estilo-o-toca-sufrir\/"},"modified":"2023-10-27T04:00:00","modified_gmt":"2023-10-27T04:00:00","slug":"o-impone-su-estilo-o-toca-sufrir","status":"publish","type":"post","link":"https:\/\/trayectoriadeportiva.com\/index.php\/2023\/10\/27\/o-impone-su-estilo-o-toca-sufrir\/","title":{"rendered":"O impone su estilo, o toca sufrir"},"content":{"rendered":"<p>Es evidente la importancia que tiene la cantera del Barcelona. <a href=\"https:\/\/www.lavanguardia.com\/deportes\/fc-barcelona\/20231024\/9322832\/fc-barcelona-la-masia-marc-guiu.html\">No solo en cuanto a la capacidad de establecer una metodolog\u00eda para el desarrollo de un estilo de juego, sino tambi\u00e9n por la categor\u00eda e importancia de los jugadores que surgen de ella<\/a>. Pero tambi\u00e9n es cierto que todos estos j\u00f3venes que llegan al primer equipo y que muestran ya a una temprana edad una capacidad futbol\u00edstica extraordinaria necesitan una evoluci\u00f3n l\u00f3gica para que no se queden en flor de un d\u00eda.<\/p>\n<p><a href=\"https:\/\/www.lavanguardia.com\/deportes\/fc-barcelona\/20231027\/9332183\/impone-estilo-toca-sufrir.html\">Seguir leyendo&#8230;<\/a><\/p>","protected":false},"excerpt":{"rendered":"<p>Es evidente la importancia que tiene la cantera del Barcelona. No solo en cuanto a la capacidad de establecer una metodolog\u00eda para el desarrollo de un estilo de juego, sino tambi\u00e9n por la categor\u00eda e importancia de los jugadores que surgen de ella. Pero tambi\u00e9n es cierto que todos estos j\u00f3venes que llegan al primer [&hellip;]<\/p>\n","protected":false},"author":0,"featured_media":1797,"comment_status":"","ping_status":"","sticky":false,"template":"","format":"standard","meta":{"_et_pb_use_builder":"","_et_pb_old_content":"","_et_gb_content_width":"","footnotes":""},"categories":[1],"tags":[],"class_list":["post-1796","post","type-post","status-publish","format-standard","has-post-thumbnail","hentry","category-blog","et-has-post-format-content","et_post_format-et-post-format-standard"],"_links":{"self":[{"href":"https:\/\/trayectoriadeportiva.com\/index.php\/wp-json\/wp\/v2\/posts\/1796","targetHints":{"allow":["GET"]}}],"collection":[{"href":"https:\/\/trayectoriadeportiva.com\/index.php\/wp-json\/wp\/v2\/posts"}],"about":[{"href":"https:\/\/trayectoriadeportiva.com\/index.php\/wp-json\/wp\/v2\/types\/post"}],"replies":[{"embeddable":true,"href":"https:\/\/trayectoriadeportiva.com\/index.php\/wp-json\/wp\/v2\/comments?post=1796"}],"version-history":[{"count":0,"href":"https:\/\/trayectoriadeportiva.com\/index.php\/wp-json\/wp\/v2\/posts\/1796\/revisions"}],"wp:featuredmedia":[{"embeddable":true,"href":"https:\/\/trayectoriadeportiva.com\/index.php\/wp-json\/wp\/v2\/media\/1797"}],"wp:attachment":[{"href":"https:\/\/trayectoriadeportiva.com\/index.php\/wp-json\/wp\/v2\/media?parent=1796"}],"wp:term":[{"taxonomy":"category","embeddable":true,"href":"https:\/\/trayectoriadeportiva.com\/index.php\/wp-json\/wp\/v2\/categories?post=1796"},{"taxonomy":"post_tag","embeddable":true,"href":"https:\/\/trayectoriadeportiva.com\/index.php\/wp-json\/wp\/v2\/tags?post=1796"}],"curies":[{"name":"wp","href":"https:\/\/api.w.org\/{rel}","templated":true}]}}