{"id":18059,"date":"2024-09-19T11:39:40","date_gmt":"2024-09-19T11:39:40","guid":{"rendered":"https:\/\/trayectoriadeportiva.com\/index.php\/2024\/09\/19\/willi-orban-del-leipzig-se-suma-a-las-quejas-de-rodri-y-kounde-por-el-exceso-de-partidos\/"},"modified":"2024-09-19T11:39:40","modified_gmt":"2024-09-19T11:39:40","slug":"willi-orban-del-leipzig-se-suma-a-las-quejas-de-rodri-y-kounde-por-el-exceso-de-partidos","status":"publish","type":"post","link":"https:\/\/trayectoriadeportiva.com\/index.php\/2024\/09\/19\/willi-orban-del-leipzig-se-suma-a-las-quejas-de-rodri-y-kounde-por-el-exceso-de-partidos\/","title":{"rendered":"Willi Orb\u00e1n, del Leipzig, se suma a las quejas de Rodri y Kound\u00e9 por el exceso de partidos"},"content":{"rendered":"<p>Cada vez son m\u00e1s las voces que se suman a <a href=\"https:\/\/www.lavanguardia.com\/https:\/\/www.lavanguardia.com\/deportes\/futbol\/20240917\/9947758\/rodri-avisa-futbolistas-cerca-huelga-exceso-partidos.html.html\">la queja impulsada por Rodrigo Hern\u00e1ndez el pasado martes sobre la posibilidad de ir a la huelga<\/a> debido al exceso de partidos de esta temporada. A las declaraciones del centrocampista se sum\u00f3 el mi\u00e9rcoles <a href=\"https:\/\/www.lavanguardia.com\/https:\/\/www.lavanguardia.com\/deportes\/fc-barcelona\/20240918\/9951264\/kounde-barca-champions-calendario.html.html\">el defensa del Barcelona, Jules Kound\u00e9<\/a>, que apunt\u00f3 que parando ser\u00e1 \u201cla \u00fanica manera para los que deciden nos escuchen\u201d. Incluso <a href=\"https:\/\/www.lavanguardia.com\/deportes\/futbol\/20240918\/9949749\/javier-tebas-apoya-posible-huelga-futbolistas-hora-decir-basta.html\">comparte esta corriente el presidente de LaLiga, Javier Tebas<\/a>. Ahora ahonda en esta reflexi\u00f3n el capit\u00e1n del RB Leipzig, Willi Orb\u00e1n.<\/p>\n<p><a href=\"https:\/\/www.lavanguardia.com\/deportes\/futbol\/20240919\/9952880\/willi-orban-leipzig-suma-quejas-rodri-kounde-exceso-partidos.html\">Seguir leyendo&#8230;<\/a><\/p>","protected":false},"excerpt":{"rendered":"<p>Cada vez son m\u00e1s las voces que se suman a la queja impulsada por Rodrigo Hern\u00e1ndez el pasado martes sobre la posibilidad de ir a la huelga debido al exceso de partidos de esta temporada. A las declaraciones del centrocampista se sum\u00f3 el mi\u00e9rcoles el defensa del Barcelona, Jules Kound\u00e9, que apunt\u00f3 que parando ser\u00e1 [&hellip;]<\/p>\n","protected":false},"author":0,"featured_media":18060,"comment_status":"","ping_status":"","sticky":false,"template":"","format":"standard","meta":{"_et_pb_use_builder":"","_et_pb_old_content":"","_et_gb_content_width":"","footnotes":""},"categories":[1],"tags":[],"class_list":["post-18059","post","type-post","status-publish","format-standard","has-post-thumbnail","hentry","category-blog","et-has-post-format-content","et_post_format-et-post-format-standard"],"_links":{"self":[{"href":"https:\/\/trayectoriadeportiva.com\/index.php\/wp-json\/wp\/v2\/posts\/18059","targetHints":{"allow":["GET"]}}],"collection":[{"href":"https:\/\/trayectoriadeportiva.com\/index.php\/wp-json\/wp\/v2\/posts"}],"about":[{"href":"https:\/\/trayectoriadeportiva.com\/index.php\/wp-json\/wp\/v2\/types\/post"}],"replies":[{"embeddable":true,"href":"https:\/\/trayectoriadeportiva.com\/index.php\/wp-json\/wp\/v2\/comments?post=18059"}],"version-history":[{"count":0,"href":"https:\/\/trayectoriadeportiva.com\/index.php\/wp-json\/wp\/v2\/posts\/18059\/revisions"}],"wp:featuredmedia":[{"embeddable":true,"href":"https:\/\/trayectoriadeportiva.com\/index.php\/wp-json\/wp\/v2\/media\/18060"}],"wp:attachment":[{"href":"https:\/\/trayectoriadeportiva.com\/index.php\/wp-json\/wp\/v2\/media?parent=18059"}],"wp:term":[{"taxonomy":"category","embeddable":true,"href":"https:\/\/trayectoriadeportiva.com\/index.php\/wp-json\/wp\/v2\/categories?post=18059"},{"taxonomy":"post_tag","embeddable":true,"href":"https:\/\/trayectoriadeportiva.com\/index.php\/wp-json\/wp\/v2\/tags?post=18059"}],"curies":[{"name":"wp","href":"https:\/\/api.w.org\/{rel}","templated":true}]}}