{"id":18196,"date":"2024-09-21T19:05:17","date_gmt":"2024-09-21T19:05:17","guid":{"rendered":"https:\/\/trayectoriadeportiva.com\/index.php\/2024\/09\/21\/espana-vuelve-a-la-final-del-mundial-tras-un-agonico-triunfo-ante-portugal-en-los-penaltis\/"},"modified":"2024-09-21T19:05:17","modified_gmt":"2024-09-21T19:05:17","slug":"espana-vuelve-a-la-final-del-mundial-tras-un-agonico-triunfo-ante-portugal-en-los-penaltis","status":"publish","type":"post","link":"https:\/\/trayectoriadeportiva.com\/index.php\/2024\/09\/21\/espana-vuelve-a-la-final-del-mundial-tras-un-agonico-triunfo-ante-portugal-en-los-penaltis\/","title":{"rendered":"Espa\u00f1a vuelve a la final del Mundial tras un ag\u00f3nico triunfo ante Portugal en los penaltis"},"content":{"rendered":"<p>Siete a\u00f1os despu\u00e9s, la selecci\u00f3n espa\u00f1ola masculina de hockey patines vuelve a una final mundial. Se clasific\u00f3 el combinado de Guillem Cabestany, formado por 8 catalanes y 2 gallegos de A Coru\u00f1a, al superar a Portugal en los penaltis (2-1) tras un partido ag\u00f3nico (5-5).\u00a0<\/p>\n<p><a href=\"https:\/\/www.lavanguardia.com\/deportes\/20240921\/9958356\/hockey-patines-mundial-novara-espana-seleccion-masculina-semifinales-portugal-final-argentina-vuelve-partido-agonico-penaltis.html\">Seguir leyendo&#8230;<\/a><\/p>","protected":false},"excerpt":{"rendered":"<p>Siete a\u00f1os despu\u00e9s, la selecci\u00f3n espa\u00f1ola masculina de hockey patines vuelve a una final mundial. Se clasific\u00f3 el combinado de Guillem Cabestany, formado por 8 catalanes y 2 gallegos de A Coru\u00f1a, al superar a Portugal en los penaltis (2-1) tras un partido ag\u00f3nico (5-5).\u00a0 Seguir leyendo&#8230;<\/p>\n","protected":false},"author":0,"featured_media":18197,"comment_status":"","ping_status":"","sticky":false,"template":"","format":"standard","meta":{"_et_pb_use_builder":"","_et_pb_old_content":"","_et_gb_content_width":"","footnotes":""},"categories":[1],"tags":[],"class_list":["post-18196","post","type-post","status-publish","format-standard","has-post-thumbnail","hentry","category-blog","et-has-post-format-content","et_post_format-et-post-format-standard"],"_links":{"self":[{"href":"https:\/\/trayectoriadeportiva.com\/index.php\/wp-json\/wp\/v2\/posts\/18196","targetHints":{"allow":["GET"]}}],"collection":[{"href":"https:\/\/trayectoriadeportiva.com\/index.php\/wp-json\/wp\/v2\/posts"}],"about":[{"href":"https:\/\/trayectoriadeportiva.com\/index.php\/wp-json\/wp\/v2\/types\/post"}],"replies":[{"embeddable":true,"href":"https:\/\/trayectoriadeportiva.com\/index.php\/wp-json\/wp\/v2\/comments?post=18196"}],"version-history":[{"count":0,"href":"https:\/\/trayectoriadeportiva.com\/index.php\/wp-json\/wp\/v2\/posts\/18196\/revisions"}],"wp:featuredmedia":[{"embeddable":true,"href":"https:\/\/trayectoriadeportiva.com\/index.php\/wp-json\/wp\/v2\/media\/18197"}],"wp:attachment":[{"href":"https:\/\/trayectoriadeportiva.com\/index.php\/wp-json\/wp\/v2\/media?parent=18196"}],"wp:term":[{"taxonomy":"category","embeddable":true,"href":"https:\/\/trayectoriadeportiva.com\/index.php\/wp-json\/wp\/v2\/categories?post=18196"},{"taxonomy":"post_tag","embeddable":true,"href":"https:\/\/trayectoriadeportiva.com\/index.php\/wp-json\/wp\/v2\/tags?post=18196"}],"curies":[{"name":"wp","href":"https:\/\/api.w.org\/{rel}","templated":true}]}}