{"id":1824,"date":"2023-10-28T04:00:00","date_gmt":"2023-10-28T04:00:00","guid":{"rendered":"https:\/\/trayectoriadeportiva.com\/index.php\/2023\/10\/28\/un-barca-rearmado-ante-un-madrid-sin-dudas\/"},"modified":"2023-10-28T04:00:00","modified_gmt":"2023-10-28T04:00:00","slug":"un-barca-rearmado-ante-un-madrid-sin-dudas","status":"publish","type":"post","link":"https:\/\/trayectoriadeportiva.com\/index.php\/2023\/10\/28\/un-barca-rearmado-ante-un-madrid-sin-dudas\/","title":{"rendered":"Un Bar\u00e7a rearmado ante un Madrid sin dudas"},"content":{"rendered":"<p>En el d\u00eda que se cumplen 50 a\u00f1os del debut oficial de Johan Cruyff como futbolista del Bar\u00e7a ante el Granada otro hecho hist\u00f3rico envolver\u00e1 al barcelonismo. Toca cl\u00e1sico. Y no uno cualquiera, sino uno que se recordar\u00e1 como el primer cl\u00e1sico de la historia que se disputa en el Estadi Ol\u00edmpic de Montju\u00efc. Qui\u00e9n sabe si ser\u00e1 el \u00fanico, en funci\u00f3n del calendario de las competiciones, de los sorteos de Copa o de los plazos de las obras del Camp Nou. Pero lo que es seguro es que ser\u00e1 el primero. El Bar\u00e7a lo afronta con la ilusi\u00f3n que le da el tener a su vera a un pu\u00f1ado de fant\u00e1sticos chavales que le han permitido surfear con dignidad la ola de lesiones que ha venido sufriendo. Est\u00e1 a un punto del Madrid y un triunfo le pondr\u00eda por encima de un rival que los percances de calado los tuvo en los albores del curso, con las lesiones de Courtois y Milit\u00e3o. El impacto Bellingham, el gran crack que ven\u00eda buscando en el p\u00f3ster no conseguido de Mbapp\u00e9, le ha permitido borrar cualquier atisbo de negatividad desde el principio.<\/p>\n<p><a href=\"https:\/\/www.lavanguardia.com\/deportes\/20231028\/9335118\/gran-dia-montjuic.html\">Seguir leyendo&#8230;<\/a><\/p>","protected":false},"excerpt":{"rendered":"<p>En el d\u00eda que se cumplen 50 a\u00f1os del debut oficial de Johan Cruyff como futbolista del Bar\u00e7a ante el Granada otro hecho hist\u00f3rico envolver\u00e1 al barcelonismo. Toca cl\u00e1sico. Y no uno cualquiera, sino uno que se recordar\u00e1 como el primer cl\u00e1sico de la historia que se disputa en el Estadi Ol\u00edmpic de Montju\u00efc. Qui\u00e9n [&hellip;]<\/p>\n","protected":false},"author":0,"featured_media":1825,"comment_status":"","ping_status":"","sticky":false,"template":"","format":"standard","meta":{"_et_pb_use_builder":"","_et_pb_old_content":"","_et_gb_content_width":"","footnotes":""},"categories":[1],"tags":[],"class_list":["post-1824","post","type-post","status-publish","format-standard","has-post-thumbnail","hentry","category-blog","et-has-post-format-content","et_post_format-et-post-format-standard"],"_links":{"self":[{"href":"https:\/\/trayectoriadeportiva.com\/index.php\/wp-json\/wp\/v2\/posts\/1824","targetHints":{"allow":["GET"]}}],"collection":[{"href":"https:\/\/trayectoriadeportiva.com\/index.php\/wp-json\/wp\/v2\/posts"}],"about":[{"href":"https:\/\/trayectoriadeportiva.com\/index.php\/wp-json\/wp\/v2\/types\/post"}],"replies":[{"embeddable":true,"href":"https:\/\/trayectoriadeportiva.com\/index.php\/wp-json\/wp\/v2\/comments?post=1824"}],"version-history":[{"count":0,"href":"https:\/\/trayectoriadeportiva.com\/index.php\/wp-json\/wp\/v2\/posts\/1824\/revisions"}],"wp:featuredmedia":[{"embeddable":true,"href":"https:\/\/trayectoriadeportiva.com\/index.php\/wp-json\/wp\/v2\/media\/1825"}],"wp:attachment":[{"href":"https:\/\/trayectoriadeportiva.com\/index.php\/wp-json\/wp\/v2\/media?parent=1824"}],"wp:term":[{"taxonomy":"category","embeddable":true,"href":"https:\/\/trayectoriadeportiva.com\/index.php\/wp-json\/wp\/v2\/categories?post=1824"},{"taxonomy":"post_tag","embeddable":true,"href":"https:\/\/trayectoriadeportiva.com\/index.php\/wp-json\/wp\/v2\/tags?post=1824"}],"curies":[{"name":"wp","href":"https:\/\/api.w.org\/{rel}","templated":true}]}}