{"id":18306,"date":"2024-09-23T10:18:36","date_gmt":"2024-09-23T10:18:36","guid":{"rendered":"https:\/\/trayectoriadeportiva.com\/index.php\/2024\/09\/23\/tebas-las-decisiones-del-tad-son-un-escarnio-publico\/"},"modified":"2024-09-23T10:18:36","modified_gmt":"2024-09-23T10:18:36","slug":"tebas-las-decisiones-del-tad-son-un-escarnio-publico","status":"publish","type":"post","link":"https:\/\/trayectoriadeportiva.com\/index.php\/2024\/09\/23\/tebas-las-decisiones-del-tad-son-un-escarnio-publico\/","title":{"rendered":"Tebas: \u201cLas decisiones del TAD son un escarnio p\u00fablico\u201d"},"content":{"rendered":"<p>El presidente de LaLiga, el abogado Javier Tebas, repas\u00f3 todos los temas de actualidad en un desayuno informativo organizado esta ma\u00f1ana por el Forum Europa, de Nueva Econom\u00eda Forum, en un hotel de Madrid. Tebas, muy en su l\u00ednea, critic\u00f3 a todo y a todos, menos a Pedro Rocha al que considera injustamente inhabilitado. El Tribunal Administrativo del Deporte (TAD) concit\u00f3 buena parte de las cr\u00edticas del abogado oscense:\u00a0 \u201cLa sanciones del TAD son un escarnio. Es un tribunal que no es un tribunal porque no son jueces. Cuatro miembros los elije el CSD y tres las federaciones. No son independientes. Tres de los cuatro son compa\u00f1eros del director genera del CSD. Es incre\u00edble que Pedro Rocha pueda estar sancionado por despedir a Andreu Camps (el secretario general de la Federaci\u00f3n con Luis Rubiales) cuando lo hizo porque se lo pidi\u00f3 V\u00edctor Francos, el que era presidente del CSD\u201d.<\/p>\n<p><a href=\"https:\/\/www.lavanguardia.com\/deportes\/futbol\/20240923\/9960613\/tebas-decisiones-tad-son-escarnio.html\">Seguir leyendo&#8230;<\/a><\/p>","protected":false},"excerpt":{"rendered":"<p>El presidente de LaLiga, el abogado Javier Tebas, repas\u00f3 todos los temas de actualidad en un desayuno informativo organizado esta ma\u00f1ana por el Forum Europa, de Nueva Econom\u00eda Forum, en un hotel de Madrid. Tebas, muy en su l\u00ednea, critic\u00f3 a todo y a todos, menos a Pedro Rocha al que considera injustamente inhabilitado. El [&hellip;]<\/p>\n","protected":false},"author":0,"featured_media":18307,"comment_status":"","ping_status":"","sticky":false,"template":"","format":"standard","meta":{"_et_pb_use_builder":"","_et_pb_old_content":"","_et_gb_content_width":"","footnotes":""},"categories":[1],"tags":[],"class_list":["post-18306","post","type-post","status-publish","format-standard","has-post-thumbnail","hentry","category-blog","et-has-post-format-content","et_post_format-et-post-format-standard"],"_links":{"self":[{"href":"https:\/\/trayectoriadeportiva.com\/index.php\/wp-json\/wp\/v2\/posts\/18306","targetHints":{"allow":["GET"]}}],"collection":[{"href":"https:\/\/trayectoriadeportiva.com\/index.php\/wp-json\/wp\/v2\/posts"}],"about":[{"href":"https:\/\/trayectoriadeportiva.com\/index.php\/wp-json\/wp\/v2\/types\/post"}],"replies":[{"embeddable":true,"href":"https:\/\/trayectoriadeportiva.com\/index.php\/wp-json\/wp\/v2\/comments?post=18306"}],"version-history":[{"count":0,"href":"https:\/\/trayectoriadeportiva.com\/index.php\/wp-json\/wp\/v2\/posts\/18306\/revisions"}],"wp:featuredmedia":[{"embeddable":true,"href":"https:\/\/trayectoriadeportiva.com\/index.php\/wp-json\/wp\/v2\/media\/18307"}],"wp:attachment":[{"href":"https:\/\/trayectoriadeportiva.com\/index.php\/wp-json\/wp\/v2\/media?parent=18306"}],"wp:term":[{"taxonomy":"category","embeddable":true,"href":"https:\/\/trayectoriadeportiva.com\/index.php\/wp-json\/wp\/v2\/categories?post=18306"},{"taxonomy":"post_tag","embeddable":true,"href":"https:\/\/trayectoriadeportiva.com\/index.php\/wp-json\/wp\/v2\/tags?post=18306"}],"curies":[{"name":"wp","href":"https:\/\/api.w.org\/{rel}","templated":true}]}}