{"id":1838,"date":"2023-10-28T05:00:00","date_gmt":"2023-10-28T05:00:00","guid":{"rendered":"https:\/\/trayectoriadeportiva.com\/index.php\/2023\/10\/28\/bellingham-el-lider-anticipado-a-su-tiempo\/"},"modified":"2023-10-28T05:00:00","modified_gmt":"2023-10-28T05:00:00","slug":"bellingham-el-lider-anticipado-a-su-tiempo","status":"publish","type":"post","link":"https:\/\/trayectoriadeportiva.com\/index.php\/2023\/10\/28\/bellingham-el-lider-anticipado-a-su-tiempo\/","title":{"rendered":"Bellingham, el l\u00edder anticipado a su tiempo"},"content":{"rendered":"<p>Nadie se acuerda en el Bernab\u00e9u de Kylian Mbapp\u00e9. Ni siquiera se a\u00f1oran los goles de Karim Benzema. El Real Madrid fich\u00f3 en verano del Borussia Dortmund a una de las grandes promesas del f\u00fatbol europeo y de pronto se ha encontrado con un jugador superlativo, un joven que a los 20 a\u00f1os se ha echado el equipo al hombro, juega, asiste y marca. En 12 partidos ha anotado 11 goles y dado tres asistencias. Si \u00e9l no marca, el equipo no gana. Pas\u00f3 ante el Atl\u00e9tico y el Sevilla. Un ritmo as\u00ed solo se dio en el Madrid con Cristiano.<\/p>\n<p><a href=\"https:\/\/www.lavanguardia.com\/deportes\/real-madrid\/20231028\/9334854\/bellingham-lider-anticipado.html\">Seguir leyendo&#8230;<\/a><\/p>","protected":false},"excerpt":{"rendered":"<p>Nadie se acuerda en el Bernab\u00e9u de Kylian Mbapp\u00e9. Ni siquiera se a\u00f1oran los goles de Karim Benzema. El Real Madrid fich\u00f3 en verano del Borussia Dortmund a una de las grandes promesas del f\u00fatbol europeo y de pronto se ha encontrado con un jugador superlativo, un joven que a los 20 a\u00f1os se ha [&hellip;]<\/p>\n","protected":false},"author":0,"featured_media":1839,"comment_status":"","ping_status":"","sticky":false,"template":"","format":"standard","meta":{"_et_pb_use_builder":"","_et_pb_old_content":"","_et_gb_content_width":"","footnotes":""},"categories":[1],"tags":[],"class_list":["post-1838","post","type-post","status-publish","format-standard","has-post-thumbnail","hentry","category-blog","et-has-post-format-content","et_post_format-et-post-format-standard"],"_links":{"self":[{"href":"https:\/\/trayectoriadeportiva.com\/index.php\/wp-json\/wp\/v2\/posts\/1838","targetHints":{"allow":["GET"]}}],"collection":[{"href":"https:\/\/trayectoriadeportiva.com\/index.php\/wp-json\/wp\/v2\/posts"}],"about":[{"href":"https:\/\/trayectoriadeportiva.com\/index.php\/wp-json\/wp\/v2\/types\/post"}],"replies":[{"embeddable":true,"href":"https:\/\/trayectoriadeportiva.com\/index.php\/wp-json\/wp\/v2\/comments?post=1838"}],"version-history":[{"count":0,"href":"https:\/\/trayectoriadeportiva.com\/index.php\/wp-json\/wp\/v2\/posts\/1838\/revisions"}],"wp:featuredmedia":[{"embeddable":true,"href":"https:\/\/trayectoriadeportiva.com\/index.php\/wp-json\/wp\/v2\/media\/1839"}],"wp:attachment":[{"href":"https:\/\/trayectoriadeportiva.com\/index.php\/wp-json\/wp\/v2\/media?parent=1838"}],"wp:term":[{"taxonomy":"category","embeddable":true,"href":"https:\/\/trayectoriadeportiva.com\/index.php\/wp-json\/wp\/v2\/categories?post=1838"},{"taxonomy":"post_tag","embeddable":true,"href":"https:\/\/trayectoriadeportiva.com\/index.php\/wp-json\/wp\/v2\/tags?post=1838"}],"curies":[{"name":"wp","href":"https:\/\/api.w.org\/{rel}","templated":true}]}}