{"id":18430,"date":"2024-09-26T04:36:05","date_gmt":"2024-09-26T04:36:05","guid":{"rendered":"https:\/\/trayectoriadeportiva.com\/index.php\/2024\/09\/26\/luna-rossa-y-american-magic-de-nyyc-dos-equipos-y-una-final-emocionante-y-renida-en-la-unicredit-youth-copa-america\/"},"modified":"2024-09-26T04:36:05","modified_gmt":"2024-09-26T04:36:05","slug":"luna-rossa-y-american-magic-de-nyyc-dos-equipos-y-una-final-emocionante-y-renida-en-la-unicredit-youth-copa-america","status":"publish","type":"post","link":"https:\/\/trayectoriadeportiva.com\/index.php\/2024\/09\/26\/luna-rossa-y-american-magic-de-nyyc-dos-equipos-y-una-final-emocionante-y-renida-en-la-unicredit-youth-copa-america\/","title":{"rendered":"Luna Rossa y American Magic de NYYC, dos equipos y una final emocionante y re\u00f1ida en la UniCredit Youth Copa Am\u00e9rica"},"content":{"rendered":"<p>Los equipos juveniles Luna Rossa y American Magic de NYYC disputan la final de la UniCredit Youth Copa Am\u00e9rica. Bajo el formato de una \u00fanica regata, que determinar\u00e1 el ganador del trofeo de la categor\u00eda Sub 25, la final dar\u00e1 comienzo hoy jueves a las 12,20 horas.<\/p>\n<p><a href=\"https:\/\/www.lavanguardia.com\/deportes\/vela\/20240926\/9971937\/luna-rossa-american-magic-nyyc-copa-del-america.html\">Seguir leyendo&#8230;<\/a><\/p>","protected":false},"excerpt":{"rendered":"<p>Los equipos juveniles Luna Rossa y American Magic de NYYC disputan la final de la UniCredit Youth Copa Am\u00e9rica. Bajo el formato de una \u00fanica regata, que determinar\u00e1 el ganador del trofeo de la categor\u00eda Sub 25, la final dar\u00e1 comienzo hoy jueves a las 12,20 horas. Seguir leyendo&#8230;<\/p>\n","protected":false},"author":0,"featured_media":18431,"comment_status":"","ping_status":"","sticky":false,"template":"","format":"standard","meta":{"_et_pb_use_builder":"","_et_pb_old_content":"","_et_gb_content_width":"","footnotes":""},"categories":[1],"tags":[],"class_list":["post-18430","post","type-post","status-publish","format-standard","has-post-thumbnail","hentry","category-blog","et-has-post-format-content","et_post_format-et-post-format-standard"],"_links":{"self":[{"href":"https:\/\/trayectoriadeportiva.com\/index.php\/wp-json\/wp\/v2\/posts\/18430","targetHints":{"allow":["GET"]}}],"collection":[{"href":"https:\/\/trayectoriadeportiva.com\/index.php\/wp-json\/wp\/v2\/posts"}],"about":[{"href":"https:\/\/trayectoriadeportiva.com\/index.php\/wp-json\/wp\/v2\/types\/post"}],"replies":[{"embeddable":true,"href":"https:\/\/trayectoriadeportiva.com\/index.php\/wp-json\/wp\/v2\/comments?post=18430"}],"version-history":[{"count":0,"href":"https:\/\/trayectoriadeportiva.com\/index.php\/wp-json\/wp\/v2\/posts\/18430\/revisions"}],"wp:featuredmedia":[{"embeddable":true,"href":"https:\/\/trayectoriadeportiva.com\/index.php\/wp-json\/wp\/v2\/media\/18431"}],"wp:attachment":[{"href":"https:\/\/trayectoriadeportiva.com\/index.php\/wp-json\/wp\/v2\/media?parent=18430"}],"wp:term":[{"taxonomy":"category","embeddable":true,"href":"https:\/\/trayectoriadeportiva.com\/index.php\/wp-json\/wp\/v2\/categories?post=18430"},{"taxonomy":"post_tag","embeddable":true,"href":"https:\/\/trayectoriadeportiva.com\/index.php\/wp-json\/wp\/v2\/tags?post=18430"}],"curies":[{"name":"wp","href":"https:\/\/api.w.org\/{rel}","templated":true}]}}