{"id":18526,"date":"2024-09-28T09:09:35","date_gmt":"2024-09-28T09:09:35","guid":{"rendered":"https:\/\/trayectoriadeportiva.com\/index.php\/2024\/09\/28\/la-agencia-mundial-antidopaje-pide-dos-anos-de-inhabilitacion-para-sinner\/"},"modified":"2024-09-28T09:09:35","modified_gmt":"2024-09-28T09:09:35","slug":"la-agencia-mundial-antidopaje-pide-dos-anos-de-inhabilitacion-para-sinner","status":"publish","type":"post","link":"https:\/\/trayectoriadeportiva.com\/index.php\/2024\/09\/28\/la-agencia-mundial-antidopaje-pide-dos-anos-de-inhabilitacion-para-sinner\/","title":{"rendered":"La Agencia Mundial Antidopaje pide dos a\u00f1os de inhabilitaci\u00f3n para Sinner"},"content":{"rendered":"<p>La Agencia Mundial Antidopaje (AMA) ha anunciado que el pasado jueves 26 de septiembre present\u00f3 un recurso de apelaci\u00f3n ante el <a href=\"https:\/\/www.lavanguardia.com\/deportes\/tenis\/20240910\/9928964\/jannik-sinner-dopaje-absuelto.html\">Tribunal Internacional de Arbitraje Deportivo (TAS) <\/a>en relaci\u00f3n al caso del tenista italiano Jannick Sinner, n\u00famero uno del mundo.<\/p>\n<p><a href=\"https:\/\/www.lavanguardia.com\/deportes\/tenis\/20240928\/9979561\/sinner-agencia-antidopaje-dos-anos-sancion.html\">Seguir leyendo&#8230;<\/a><\/p>","protected":false},"excerpt":{"rendered":"<p>La Agencia Mundial Antidopaje (AMA) ha anunciado que el pasado jueves 26 de septiembre present\u00f3 un recurso de apelaci\u00f3n ante el Tribunal Internacional de Arbitraje Deportivo (TAS) en relaci\u00f3n al caso del tenista italiano Jannick Sinner, n\u00famero uno del mundo. Seguir leyendo&#8230;<\/p>\n","protected":false},"author":0,"featured_media":18527,"comment_status":"","ping_status":"","sticky":false,"template":"","format":"standard","meta":{"_et_pb_use_builder":"","_et_pb_old_content":"","_et_gb_content_width":"","footnotes":""},"categories":[1],"tags":[],"class_list":["post-18526","post","type-post","status-publish","format-standard","has-post-thumbnail","hentry","category-blog","et-has-post-format-content","et_post_format-et-post-format-standard"],"_links":{"self":[{"href":"https:\/\/trayectoriadeportiva.com\/index.php\/wp-json\/wp\/v2\/posts\/18526","targetHints":{"allow":["GET"]}}],"collection":[{"href":"https:\/\/trayectoriadeportiva.com\/index.php\/wp-json\/wp\/v2\/posts"}],"about":[{"href":"https:\/\/trayectoriadeportiva.com\/index.php\/wp-json\/wp\/v2\/types\/post"}],"replies":[{"embeddable":true,"href":"https:\/\/trayectoriadeportiva.com\/index.php\/wp-json\/wp\/v2\/comments?post=18526"}],"version-history":[{"count":0,"href":"https:\/\/trayectoriadeportiva.com\/index.php\/wp-json\/wp\/v2\/posts\/18526\/revisions"}],"wp:featuredmedia":[{"embeddable":true,"href":"https:\/\/trayectoriadeportiva.com\/index.php\/wp-json\/wp\/v2\/media\/18527"}],"wp:attachment":[{"href":"https:\/\/trayectoriadeportiva.com\/index.php\/wp-json\/wp\/v2\/media?parent=18526"}],"wp:term":[{"taxonomy":"category","embeddable":true,"href":"https:\/\/trayectoriadeportiva.com\/index.php\/wp-json\/wp\/v2\/categories?post=18526"},{"taxonomy":"post_tag","embeddable":true,"href":"https:\/\/trayectoriadeportiva.com\/index.php\/wp-json\/wp\/v2\/tags?post=18526"}],"curies":[{"name":"wp","href":"https:\/\/api.w.org\/{rel}","templated":true}]}}