{"id":18528,"date":"2024-09-28T09:57:27","date_gmt":"2024-09-28T09:57:27","guid":{"rendered":"https:\/\/trayectoriadeportiva.com\/index.php\/2024\/09\/28\/flick-repite-ante-osasuna-la-misma-convocatoria-que-contra-el-getafe\/"},"modified":"2024-09-28T09:57:27","modified_gmt":"2024-09-28T09:57:27","slug":"flick-repite-ante-osasuna-la-misma-convocatoria-que-contra-el-getafe","status":"publish","type":"post","link":"https:\/\/trayectoriadeportiva.com\/index.php\/2024\/09\/28\/flick-repite-ante-osasuna-la-misma-convocatoria-que-contra-el-getafe\/","title":{"rendered":"Flick repite ante Osasuna la misma convocatoria que contra el Getafe"},"content":{"rendered":"<p>El <a href=\"https:\/\/www.lavanguardia.com\/deportes\/fc-barcelona\/20240928\/9978732\/flick-si-disfruta-banquillo-barcelona-osasuna-liga.html\">entrenador del Barcelona, Hansi Flick<\/a>, ha convocado para el partido de LaLiga EA Sports que disputar\u00e1 este s\u00e1bado (21:00 horas), <a href=\"https:\/\/www.lavanguardia.com\/deportes\/fc-barcelona\/20240928\/9977964\/peligro-bandas-claves-osasuna-barca.html\">ante el Osasuna en El Sadar<\/a>, a los mismos 23 jugadores que convoc\u00f3 la pasada jornada contra el Getafe.<\/p>\n<p><a href=\"https:\/\/www.lavanguardia.com\/deportes\/fc-barcelona\/20240928\/9979675\/barcelona-convocatoria-osasuna.html\">Seguir leyendo&#8230;<\/a><\/p>","protected":false},"excerpt":{"rendered":"<p>El entrenador del Barcelona, Hansi Flick, ha convocado para el partido de LaLiga EA Sports que disputar\u00e1 este s\u00e1bado (21:00 horas), ante el Osasuna en El Sadar, a los mismos 23 jugadores que convoc\u00f3 la pasada jornada contra el Getafe. Seguir leyendo&#8230;<\/p>\n","protected":false},"author":0,"featured_media":18529,"comment_status":"","ping_status":"","sticky":false,"template":"","format":"standard","meta":{"_et_pb_use_builder":"","_et_pb_old_content":"","_et_gb_content_width":"","footnotes":""},"categories":[1],"tags":[],"class_list":["post-18528","post","type-post","status-publish","format-standard","has-post-thumbnail","hentry","category-blog","et-has-post-format-content","et_post_format-et-post-format-standard"],"_links":{"self":[{"href":"https:\/\/trayectoriadeportiva.com\/index.php\/wp-json\/wp\/v2\/posts\/18528","targetHints":{"allow":["GET"]}}],"collection":[{"href":"https:\/\/trayectoriadeportiva.com\/index.php\/wp-json\/wp\/v2\/posts"}],"about":[{"href":"https:\/\/trayectoriadeportiva.com\/index.php\/wp-json\/wp\/v2\/types\/post"}],"replies":[{"embeddable":true,"href":"https:\/\/trayectoriadeportiva.com\/index.php\/wp-json\/wp\/v2\/comments?post=18528"}],"version-history":[{"count":0,"href":"https:\/\/trayectoriadeportiva.com\/index.php\/wp-json\/wp\/v2\/posts\/18528\/revisions"}],"wp:featuredmedia":[{"embeddable":true,"href":"https:\/\/trayectoriadeportiva.com\/index.php\/wp-json\/wp\/v2\/media\/18529"}],"wp:attachment":[{"href":"https:\/\/trayectoriadeportiva.com\/index.php\/wp-json\/wp\/v2\/media?parent=18528"}],"wp:term":[{"taxonomy":"category","embeddable":true,"href":"https:\/\/trayectoriadeportiva.com\/index.php\/wp-json\/wp\/v2\/categories?post=18528"},{"taxonomy":"post_tag","embeddable":true,"href":"https:\/\/trayectoriadeportiva.com\/index.php\/wp-json\/wp\/v2\/tags?post=18528"}],"curies":[{"name":"wp","href":"https:\/\/api.w.org\/{rel}","templated":true}]}}