{"id":18588,"date":"2024-09-28T23:02:22","date_gmt":"2024-09-28T23:02:22","guid":{"rendered":"https:\/\/trayectoriadeportiva.com\/index.php\/2024\/09\/28\/la-maldicion-del-tata\/"},"modified":"2024-09-28T23:02:22","modified_gmt":"2024-09-28T23:02:22","slug":"la-maldicion-del-tata","status":"publish","type":"post","link":"https:\/\/trayectoriadeportiva.com\/index.php\/2024\/09\/28\/la-maldicion-del-tata\/","title":{"rendered":"La maldici\u00f3n del Tata"},"content":{"rendered":"<p>En temporadas precedentes, una alineaci\u00f3n del Bar\u00e7a con I\u00f1aki Pe\u00f1a, Gerard Mart\u00edn, Sergi Dom\u00ednguez, Eric Garcia, Pablo Torre y Pau V\u00edctor de entrada en El Sadar solo pod\u00eda responder a un brote de salmonelosis entre los titulares, pero Hansi Flick, un t\u00e9cnico que decide las alineaciones con la impermeabilidad emocional de un aut\u00f3mata, consider\u00f3 que el mejor once era ese atendiendo a motivos que nuestra raz\u00f3n no entiende. \u00bfNadie le explic\u00f3 c\u00f3mo aprietan en Pamplona? Da igual, el alem\u00e1n manda y de momento manda muy bien, as\u00ed que esa excentricidad le computar\u00e1 como un error perdonable\u2026 si no reincide.<\/p>\n<p><a href=\"https:\/\/www.lavanguardia.com\/deportes\/20240929\/9980940\/maldicion-tata.html\">Seguir leyendo&#8230;<\/a><\/p>","protected":false},"excerpt":{"rendered":"<p>En temporadas precedentes, una alineaci\u00f3n del Bar\u00e7a con I\u00f1aki Pe\u00f1a, Gerard Mart\u00edn, Sergi Dom\u00ednguez, Eric Garcia, Pablo Torre y Pau V\u00edctor de entrada en El Sadar solo pod\u00eda responder a un brote de salmonelosis entre los titulares, pero Hansi Flick, un t\u00e9cnico que decide las alineaciones con la impermeabilidad emocional de un aut\u00f3mata, consider\u00f3 que [&hellip;]<\/p>\n","protected":false},"author":0,"featured_media":18589,"comment_status":"","ping_status":"","sticky":false,"template":"","format":"standard","meta":{"_et_pb_use_builder":"","_et_pb_old_content":"","_et_gb_content_width":"","footnotes":""},"categories":[1],"tags":[],"class_list":["post-18588","post","type-post","status-publish","format-standard","has-post-thumbnail","hentry","category-blog","et-has-post-format-content","et_post_format-et-post-format-standard"],"_links":{"self":[{"href":"https:\/\/trayectoriadeportiva.com\/index.php\/wp-json\/wp\/v2\/posts\/18588","targetHints":{"allow":["GET"]}}],"collection":[{"href":"https:\/\/trayectoriadeportiva.com\/index.php\/wp-json\/wp\/v2\/posts"}],"about":[{"href":"https:\/\/trayectoriadeportiva.com\/index.php\/wp-json\/wp\/v2\/types\/post"}],"replies":[{"embeddable":true,"href":"https:\/\/trayectoriadeportiva.com\/index.php\/wp-json\/wp\/v2\/comments?post=18588"}],"version-history":[{"count":0,"href":"https:\/\/trayectoriadeportiva.com\/index.php\/wp-json\/wp\/v2\/posts\/18588\/revisions"}],"wp:featuredmedia":[{"embeddable":true,"href":"https:\/\/trayectoriadeportiva.com\/index.php\/wp-json\/wp\/v2\/media\/18589"}],"wp:attachment":[{"href":"https:\/\/trayectoriadeportiva.com\/index.php\/wp-json\/wp\/v2\/media?parent=18588"}],"wp:term":[{"taxonomy":"category","embeddable":true,"href":"https:\/\/trayectoriadeportiva.com\/index.php\/wp-json\/wp\/v2\/categories?post=18588"},{"taxonomy":"post_tag","embeddable":true,"href":"https:\/\/trayectoriadeportiva.com\/index.php\/wp-json\/wp\/v2\/tags?post=18588"}],"curies":[{"name":"wp","href":"https:\/\/api.w.org\/{rel}","templated":true}]}}