{"id":18730,"date":"2024-10-01T07:54:43","date_gmt":"2024-10-01T07:54:43","guid":{"rendered":"https:\/\/trayectoriadeportiva.com\/index.php\/2024\/10\/01\/el-frente-atletico-un-reducto-del-peor-pasado\/"},"modified":"2024-10-01T07:54:43","modified_gmt":"2024-10-01T07:54:43","slug":"el-frente-atletico-un-reducto-del-peor-pasado","status":"publish","type":"post","link":"https:\/\/trayectoriadeportiva.com\/index.php\/2024\/10\/01\/el-frente-atletico-un-reducto-del-peor-pasado\/","title":{"rendered":"El Frente Atl\u00e9tico, un reducto del peor pasado"},"content":{"rendered":"<p>Si hoy en d\u00eda las c\u00e1maras de televisi\u00f3n enfocan las gradas de un estadio de f\u00fatbol de Primera y se ven aficionados encapuchados, se puede apostar a que se est\u00e1 en el Metropolitano y que pertenecen a alguna de las muchas facciones que forman hoy el Frente Atl\u00e9tico, el grupo ultra colchonero creado en el a\u00f1o 1982 al calor de unos tiempos en los que en el f\u00fatbol espa\u00f1ol proliferaban en casi todos los clubs grupos neonazis; en algunos casos como pe\u00f1as legalmente constituidas y en otros simplemente tolerados.<\/p>\n<p><a href=\"https:\/\/www.lavanguardia.com\/deportes\/atletico-de-madrid\/20241001\/9985891\/frente-atletico-reducto-peor-pasado-incidentes-derbi-madrileno-metropolitano-real-madrid.html\">Seguir leyendo&#8230;<\/a><\/p>","protected":false},"excerpt":{"rendered":"<p>Si hoy en d\u00eda las c\u00e1maras de televisi\u00f3n enfocan las gradas de un estadio de f\u00fatbol de Primera y se ven aficionados encapuchados, se puede apostar a que se est\u00e1 en el Metropolitano y que pertenecen a alguna de las muchas facciones que forman hoy el Frente Atl\u00e9tico, el grupo ultra colchonero creado en el [&hellip;]<\/p>\n","protected":false},"author":0,"featured_media":18731,"comment_status":"","ping_status":"","sticky":false,"template":"","format":"standard","meta":{"_et_pb_use_builder":"","_et_pb_old_content":"","_et_gb_content_width":"","footnotes":""},"categories":[1],"tags":[],"class_list":["post-18730","post","type-post","status-publish","format-standard","has-post-thumbnail","hentry","category-blog","et-has-post-format-content","et_post_format-et-post-format-standard"],"_links":{"self":[{"href":"https:\/\/trayectoriadeportiva.com\/index.php\/wp-json\/wp\/v2\/posts\/18730","targetHints":{"allow":["GET"]}}],"collection":[{"href":"https:\/\/trayectoriadeportiva.com\/index.php\/wp-json\/wp\/v2\/posts"}],"about":[{"href":"https:\/\/trayectoriadeportiva.com\/index.php\/wp-json\/wp\/v2\/types\/post"}],"replies":[{"embeddable":true,"href":"https:\/\/trayectoriadeportiva.com\/index.php\/wp-json\/wp\/v2\/comments?post=18730"}],"version-history":[{"count":0,"href":"https:\/\/trayectoriadeportiva.com\/index.php\/wp-json\/wp\/v2\/posts\/18730\/revisions"}],"wp:featuredmedia":[{"embeddable":true,"href":"https:\/\/trayectoriadeportiva.com\/index.php\/wp-json\/wp\/v2\/media\/18731"}],"wp:attachment":[{"href":"https:\/\/trayectoriadeportiva.com\/index.php\/wp-json\/wp\/v2\/media?parent=18730"}],"wp:term":[{"taxonomy":"category","embeddable":true,"href":"https:\/\/trayectoriadeportiva.com\/index.php\/wp-json\/wp\/v2\/categories?post=18730"},{"taxonomy":"post_tag","embeddable":true,"href":"https:\/\/trayectoriadeportiva.com\/index.php\/wp-json\/wp\/v2\/tags?post=18730"}],"curies":[{"name":"wp","href":"https:\/\/api.w.org\/{rel}","templated":true}]}}