{"id":18772,"date":"2024-10-01T21:17:21","date_gmt":"2024-10-01T21:17:21","guid":{"rendered":"https:\/\/trayectoriadeportiva.com\/index.php\/2024\/10\/01\/un-barca-sin-piedad-abusa-de-un-debil-young-boys\/"},"modified":"2024-10-01T21:17:21","modified_gmt":"2024-10-01T21:17:21","slug":"un-barca-sin-piedad-abusa-de-un-debil-young-boys","status":"publish","type":"post","link":"https:\/\/trayectoriadeportiva.com\/index.php\/2024\/10\/01\/un-barca-sin-piedad-abusa-de-un-debil-young-boys\/","title":{"rendered":"Un Bar\u00e7a sin piedad abusa de un d\u00e9bil Young Boys"},"content":{"rendered":"<p>El Bar\u00e7a se sacudi\u00f3 las necesidades en la Champions a ca\u00f1onazos, con cada uno de los cinco goles que le hizo al Young Boys. El l\u00edder de la Liga espa\u00f1ola gole\u00f3 sin piedad al pen\u00faltimo del campeonato suizo. Lo que no pudo hacer en M\u00f3naco, seguramente por jugar 80 minutos con uno menos, se lo cobr\u00f3 en Montju\u00efc con creces. La afici\u00f3n sabe que con los chicos de Flick va a divertirse porque siempre quieren m\u00e1s, un esp\u00edritu que es una bendici\u00f3n para la autoestima.<\/p>\n<p><a href=\"https:\/\/www.lavanguardia.com\/deportes\/fc-barcelona\/20241001\/9988443\/barca-piedad-abusa-debil-young-boys.html\">Seguir leyendo&#8230;<\/a><\/p>","protected":false},"excerpt":{"rendered":"<p>El Bar\u00e7a se sacudi\u00f3 las necesidades en la Champions a ca\u00f1onazos, con cada uno de los cinco goles que le hizo al Young Boys. El l\u00edder de la Liga espa\u00f1ola gole\u00f3 sin piedad al pen\u00faltimo del campeonato suizo. Lo que no pudo hacer en M\u00f3naco, seguramente por jugar 80 minutos con uno menos, se lo [&hellip;]<\/p>\n","protected":false},"author":0,"featured_media":18773,"comment_status":"","ping_status":"","sticky":false,"template":"","format":"standard","meta":{"_et_pb_use_builder":"","_et_pb_old_content":"","_et_gb_content_width":"","footnotes":""},"categories":[1],"tags":[],"class_list":["post-18772","post","type-post","status-publish","format-standard","has-post-thumbnail","hentry","category-blog","et-has-post-format-content","et_post_format-et-post-format-standard"],"_links":{"self":[{"href":"https:\/\/trayectoriadeportiva.com\/index.php\/wp-json\/wp\/v2\/posts\/18772","targetHints":{"allow":["GET"]}}],"collection":[{"href":"https:\/\/trayectoriadeportiva.com\/index.php\/wp-json\/wp\/v2\/posts"}],"about":[{"href":"https:\/\/trayectoriadeportiva.com\/index.php\/wp-json\/wp\/v2\/types\/post"}],"replies":[{"embeddable":true,"href":"https:\/\/trayectoriadeportiva.com\/index.php\/wp-json\/wp\/v2\/comments?post=18772"}],"version-history":[{"count":0,"href":"https:\/\/trayectoriadeportiva.com\/index.php\/wp-json\/wp\/v2\/posts\/18772\/revisions"}],"wp:featuredmedia":[{"embeddable":true,"href":"https:\/\/trayectoriadeportiva.com\/index.php\/wp-json\/wp\/v2\/media\/18773"}],"wp:attachment":[{"href":"https:\/\/trayectoriadeportiva.com\/index.php\/wp-json\/wp\/v2\/media?parent=18772"}],"wp:term":[{"taxonomy":"category","embeddable":true,"href":"https:\/\/trayectoriadeportiva.com\/index.php\/wp-json\/wp\/v2\/categories?post=18772"},{"taxonomy":"post_tag","embeddable":true,"href":"https:\/\/trayectoriadeportiva.com\/index.php\/wp-json\/wp\/v2\/tags?post=18772"}],"curies":[{"name":"wp","href":"https:\/\/api.w.org\/{rel}","templated":true}]}}