{"id":18791,"date":"2024-10-02T05:00:00","date_gmt":"2024-10-02T05:00:00","guid":{"rendered":"https:\/\/trayectoriadeportiva.com\/index.php\/2024\/10\/02\/silvia-mas-no-nos-impresiona-el-palmares-de-nuestras-rivales-la-copa-es-diferente\/"},"modified":"2024-10-02T05:00:00","modified_gmt":"2024-10-02T05:00:00","slug":"silvia-mas-no-nos-impresiona-el-palmares-de-nuestras-rivales-la-copa-es-diferente","status":"publish","type":"post","link":"https:\/\/trayectoriadeportiva.com\/index.php\/2024\/10\/02\/silvia-mas-no-nos-impresiona-el-palmares-de-nuestras-rivales-la-copa-es-diferente\/","title":{"rendered":"Silvia Mas: \u201cNo nos impresiona el palmar\u00e9s de nuestras rivales; la Copa es diferente\u201d"},"content":{"rendered":"<p>\u00a0La regatista barcelonesa Silvia Mas (El Masnou, 28 a\u00f1os), timonel principal del Sail Team BCN femenino que representar\u00e1 a Espa\u00f1a en la Copa del Am\u00e9rica, asegur\u00f3 en una entrevista a que no le impresiona el palmar\u00e9s de sus rivales, porque se trata de una competici\u00f3n \u201cdiferente\u201d a todas las dem\u00e1s.<\/p>\n<p><a href=\"https:\/\/www.lavanguardia.com\/deportes\/vela\/20241002\/9988407\/silvia-impresiona-palmares-rivales-copa-diferente-agenciaslv20241001.html\">Seguir leyendo&#8230;<\/a><\/p>","protected":false},"excerpt":{"rendered":"<p>\u00a0La regatista barcelonesa Silvia Mas (El Masnou, 28 a\u00f1os), timonel principal del Sail Team BCN femenino que representar\u00e1 a Espa\u00f1a en la Copa del Am\u00e9rica, asegur\u00f3 en una entrevista a que no le impresiona el palmar\u00e9s de sus rivales, porque se trata de una competici\u00f3n \u201cdiferente\u201d a todas las dem\u00e1s. Seguir leyendo&#8230;<\/p>\n","protected":false},"author":0,"featured_media":18792,"comment_status":"","ping_status":"","sticky":false,"template":"","format":"standard","meta":{"_et_pb_use_builder":"","_et_pb_old_content":"","_et_gb_content_width":"","footnotes":""},"categories":[1],"tags":[],"class_list":["post-18791","post","type-post","status-publish","format-standard","has-post-thumbnail","hentry","category-blog","et-has-post-format-content","et_post_format-et-post-format-standard"],"_links":{"self":[{"href":"https:\/\/trayectoriadeportiva.com\/index.php\/wp-json\/wp\/v2\/posts\/18791","targetHints":{"allow":["GET"]}}],"collection":[{"href":"https:\/\/trayectoriadeportiva.com\/index.php\/wp-json\/wp\/v2\/posts"}],"about":[{"href":"https:\/\/trayectoriadeportiva.com\/index.php\/wp-json\/wp\/v2\/types\/post"}],"replies":[{"embeddable":true,"href":"https:\/\/trayectoriadeportiva.com\/index.php\/wp-json\/wp\/v2\/comments?post=18791"}],"version-history":[{"count":0,"href":"https:\/\/trayectoriadeportiva.com\/index.php\/wp-json\/wp\/v2\/posts\/18791\/revisions"}],"wp:featuredmedia":[{"embeddable":true,"href":"https:\/\/trayectoriadeportiva.com\/index.php\/wp-json\/wp\/v2\/media\/18792"}],"wp:attachment":[{"href":"https:\/\/trayectoriadeportiva.com\/index.php\/wp-json\/wp\/v2\/media?parent=18791"}],"wp:term":[{"taxonomy":"category","embeddable":true,"href":"https:\/\/trayectoriadeportiva.com\/index.php\/wp-json\/wp\/v2\/categories?post=18791"},{"taxonomy":"post_tag","embeddable":true,"href":"https:\/\/trayectoriadeportiva.com\/index.php\/wp-json\/wp\/v2\/tags?post=18791"}],"curies":[{"name":"wp","href":"https:\/\/api.w.org\/{rel}","templated":true}]}}