{"id":18899,"date":"2024-10-04T08:55:05","date_gmt":"2024-10-04T08:55:05","guid":{"rendered":"https:\/\/trayectoriadeportiva.com\/index.php\/2024\/10\/04\/la-justicia-europea-rechaza-que-el-real-madrid-reciba-una-indemnizacion-por-difamacion\/"},"modified":"2024-10-04T08:55:05","modified_gmt":"2024-10-04T08:55:05","slug":"la-justicia-europea-rechaza-que-el-real-madrid-reciba-una-indemnizacion-por-difamacion","status":"publish","type":"post","link":"https:\/\/trayectoriadeportiva.com\/index.php\/2024\/10\/04\/la-justicia-europea-rechaza-que-el-real-madrid-reciba-una-indemnizacion-por-difamacion\/","title":{"rendered":"La justicia europea rechaza que el Real Madrid reciba una indemnizaci\u00f3n por difamaci\u00f3n"},"content":{"rendered":"<p>El Real Madrid ha perdido su batalla en la justicia europea, y ha rechazado que el peri\u00f3dico franc\u00e9s Le Monde tenga que pagar 390.000 euros de indemnizaci\u00f3n porque podr\u00eda entra\u00f1ar un una vulneraci\u00f3n de la libertad de prensa, despu\u00e9s de que el rotativo publicara en 2006 una informaci\u00f3n que vinculaba al club deportivo con un supuesto esc\u00e1ndalo de dopaje.<\/p>\n<p><a href=\"https:\/\/www.lavanguardia.com\/deportes\/20241004\/9995580\/justicia-europea-rechaza-real-madrid-reciba-indemnizacion-difamacion.html\">Seguir leyendo&#8230;<\/a><\/p>","protected":false},"excerpt":{"rendered":"<p>El Real Madrid ha perdido su batalla en la justicia europea, y ha rechazado que el peri\u00f3dico franc\u00e9s Le Monde tenga que pagar 390.000 euros de indemnizaci\u00f3n porque podr\u00eda entra\u00f1ar un una vulneraci\u00f3n de la libertad de prensa, despu\u00e9s de que el rotativo publicara en 2006 una informaci\u00f3n que vinculaba al club deportivo con un [&hellip;]<\/p>\n","protected":false},"author":0,"featured_media":18900,"comment_status":"","ping_status":"","sticky":false,"template":"","format":"standard","meta":{"_et_pb_use_builder":"","_et_pb_old_content":"","_et_gb_content_width":"","footnotes":""},"categories":[1],"tags":[],"class_list":["post-18899","post","type-post","status-publish","format-standard","has-post-thumbnail","hentry","category-blog","et-has-post-format-content","et_post_format-et-post-format-standard"],"_links":{"self":[{"href":"https:\/\/trayectoriadeportiva.com\/index.php\/wp-json\/wp\/v2\/posts\/18899","targetHints":{"allow":["GET"]}}],"collection":[{"href":"https:\/\/trayectoriadeportiva.com\/index.php\/wp-json\/wp\/v2\/posts"}],"about":[{"href":"https:\/\/trayectoriadeportiva.com\/index.php\/wp-json\/wp\/v2\/types\/post"}],"replies":[{"embeddable":true,"href":"https:\/\/trayectoriadeportiva.com\/index.php\/wp-json\/wp\/v2\/comments?post=18899"}],"version-history":[{"count":0,"href":"https:\/\/trayectoriadeportiva.com\/index.php\/wp-json\/wp\/v2\/posts\/18899\/revisions"}],"wp:featuredmedia":[{"embeddable":true,"href":"https:\/\/trayectoriadeportiva.com\/index.php\/wp-json\/wp\/v2\/media\/18900"}],"wp:attachment":[{"href":"https:\/\/trayectoriadeportiva.com\/index.php\/wp-json\/wp\/v2\/media?parent=18899"}],"wp:term":[{"taxonomy":"category","embeddable":true,"href":"https:\/\/trayectoriadeportiva.com\/index.php\/wp-json\/wp\/v2\/categories?post=18899"},{"taxonomy":"post_tag","embeddable":true,"href":"https:\/\/trayectoriadeportiva.com\/index.php\/wp-json\/wp\/v2\/tags?post=18899"}],"curies":[{"name":"wp","href":"https:\/\/api.w.org\/{rel}","templated":true}]}}