{"id":18946,"date":"2024-10-05T05:00:00","date_gmt":"2024-10-05T05:00:00","guid":{"rendered":"https:\/\/trayectoriadeportiva.com\/index.php\/2024\/10\/05\/xabi-fernandez-ineos-el-emirates-ha-tenido-mas-tiempo-pero-nos-sentimos-fuertes\/"},"modified":"2024-10-05T05:00:00","modified_gmt":"2024-10-05T05:00:00","slug":"xabi-fernandez-ineos-el-emirates-ha-tenido-mas-tiempo-pero-nos-sentimos-fuertes","status":"publish","type":"post","link":"https:\/\/trayectoriadeportiva.com\/index.php\/2024\/10\/05\/xabi-fernandez-ineos-el-emirates-ha-tenido-mas-tiempo-pero-nos-sentimos-fuertes\/","title":{"rendered":"Xabi Fern\u00e1ndez (INEOS): \u201cEl Emirates ha tenido m\u00e1s tiempo, pero nos sentimos fuertes\u201d"},"content":{"rendered":"<p>El espa\u00f1ol Xabi Fern\u00e1ndez, entrenador de la tripulaci\u00f3n del INEOS Britannia que gan\u00f3 este viernes el Torneo de Desafiantes, afirm\u00f3 que el Emirates Team New Zealand \u201cha tenido m\u00e1s tiempo\u201d para prepararse, pero que su equipo \u201cse siente fuerte\u201d para luchar por la Copa del Am\u00e9rica.<\/p>\n<p><a href=\"https:\/\/www.lavanguardia.com\/deportes\/vela\/20241005\/9997274\/xabi-fernandez-ineos-emirates-copa-del-amercia.html\">Seguir leyendo&#8230;<\/a><\/p>","protected":false},"excerpt":{"rendered":"<p>El espa\u00f1ol Xabi Fern\u00e1ndez, entrenador de la tripulaci\u00f3n del INEOS Britannia que gan\u00f3 este viernes el Torneo de Desafiantes, afirm\u00f3 que el Emirates Team New Zealand \u201cha tenido m\u00e1s tiempo\u201d para prepararse, pero que su equipo \u201cse siente fuerte\u201d para luchar por la Copa del Am\u00e9rica. Seguir leyendo&#8230;<\/p>\n","protected":false},"author":0,"featured_media":18947,"comment_status":"","ping_status":"","sticky":false,"template":"","format":"standard","meta":{"_et_pb_use_builder":"","_et_pb_old_content":"","_et_gb_content_width":"","footnotes":""},"categories":[1],"tags":[],"class_list":["post-18946","post","type-post","status-publish","format-standard","has-post-thumbnail","hentry","category-blog","et-has-post-format-content","et_post_format-et-post-format-standard"],"_links":{"self":[{"href":"https:\/\/trayectoriadeportiva.com\/index.php\/wp-json\/wp\/v2\/posts\/18946","targetHints":{"allow":["GET"]}}],"collection":[{"href":"https:\/\/trayectoriadeportiva.com\/index.php\/wp-json\/wp\/v2\/posts"}],"about":[{"href":"https:\/\/trayectoriadeportiva.com\/index.php\/wp-json\/wp\/v2\/types\/post"}],"replies":[{"embeddable":true,"href":"https:\/\/trayectoriadeportiva.com\/index.php\/wp-json\/wp\/v2\/comments?post=18946"}],"version-history":[{"count":0,"href":"https:\/\/trayectoriadeportiva.com\/index.php\/wp-json\/wp\/v2\/posts\/18946\/revisions"}],"wp:featuredmedia":[{"embeddable":true,"href":"https:\/\/trayectoriadeportiva.com\/index.php\/wp-json\/wp\/v2\/media\/18947"}],"wp:attachment":[{"href":"https:\/\/trayectoriadeportiva.com\/index.php\/wp-json\/wp\/v2\/media?parent=18946"}],"wp:term":[{"taxonomy":"category","embeddable":true,"href":"https:\/\/trayectoriadeportiva.com\/index.php\/wp-json\/wp\/v2\/categories?post=18946"},{"taxonomy":"post_tag","embeddable":true,"href":"https:\/\/trayectoriadeportiva.com\/index.php\/wp-json\/wp\/v2\/tags?post=18946"}],"curies":[{"name":"wp","href":"https:\/\/api.w.org\/{rel}","templated":true}]}}