{"id":190,"date":"2023-09-21T16:45:01","date_gmt":"2023-09-21T16:45:01","guid":{"rendered":"https:\/\/trayectoriadeportiva.com\/index.php\/2023\/09\/21\/montse-tome-no-he-oido-ni-siento-que-las-jugadoras-no-me-quieran\/"},"modified":"2023-09-21T16:45:01","modified_gmt":"2023-09-21T16:45:01","slug":"montse-tome-no-he-oido-ni-siento-que-las-jugadoras-no-me-quieran","status":"publish","type":"post","link":"https:\/\/trayectoriadeportiva.com\/index.php\/2023\/09\/21\/montse-tome-no-he-oido-ni-siento-que-las-jugadoras-no-me-quieran\/","title":{"rendered":"Montse Tom\u00e9: &#8220;No he o\u00eddo ni siento que las jugadoras no me quieran&#8221;"},"content":{"rendered":"<p>Montse Tom\u00e9 pas\u00f3 un trago muy amargo en la rueda de prensa en Goteborg de la previa del Suecia-Espa\u00f1a de la Liga de las Nacionas. La nueva seleccionadora apareci\u00f3 con ojeras y la voz quebrada. Tuvo que dar muchas explicaciones sobre las falsedades que dijo respecto a la convocatoria (entonces dijo que hab\u00eda sido una lista consensuada con las jugadoras tras hablar con ellas) y defendi\u00f3 en todo momento su profesionalidad. Cuando se le pregunt\u00f3 si esperaba seguir tras estos dos partidos se limit\u00f3 a decir que ten\u00eda confianza. &#8220;Como sab\u00e9is llevo poco tiempo en el puesto. Yo tengo confianza. Tengo confianza en el trabajo, tengo ganas de que se solucione esto y tenemos ganas de trabajar&#8221;.<\/p>\n<p><a href=\"https:\/\/www.lavanguardia.com\/deportes\/futbol\/20230921\/9244288\/montse-tome-he-oido-jugadoras-me-quieran.html\">Seguir leyendo&#8230;<\/a><\/p>","protected":false},"excerpt":{"rendered":"<p>Montse Tom\u00e9 pas\u00f3 un trago muy amargo en la rueda de prensa en Goteborg de la previa del Suecia-Espa\u00f1a de la Liga de las Nacionas. La nueva seleccionadora apareci\u00f3 con ojeras y la voz quebrada. Tuvo que dar muchas explicaciones sobre las falsedades que dijo respecto a la convocatoria (entonces dijo que hab\u00eda sido una [&hellip;]<\/p>\n","protected":false},"author":0,"featured_media":191,"comment_status":"","ping_status":"","sticky":false,"template":"","format":"standard","meta":{"_et_pb_use_builder":"","_et_pb_old_content":"","_et_gb_content_width":"","footnotes":""},"categories":[1],"tags":[],"class_list":["post-190","post","type-post","status-publish","format-standard","has-post-thumbnail","hentry","category-blog","et-has-post-format-content","et_post_format-et-post-format-standard"],"_links":{"self":[{"href":"https:\/\/trayectoriadeportiva.com\/index.php\/wp-json\/wp\/v2\/posts\/190","targetHints":{"allow":["GET"]}}],"collection":[{"href":"https:\/\/trayectoriadeportiva.com\/index.php\/wp-json\/wp\/v2\/posts"}],"about":[{"href":"https:\/\/trayectoriadeportiva.com\/index.php\/wp-json\/wp\/v2\/types\/post"}],"replies":[{"embeddable":true,"href":"https:\/\/trayectoriadeportiva.com\/index.php\/wp-json\/wp\/v2\/comments?post=190"}],"version-history":[{"count":0,"href":"https:\/\/trayectoriadeportiva.com\/index.php\/wp-json\/wp\/v2\/posts\/190\/revisions"}],"wp:featuredmedia":[{"embeddable":true,"href":"https:\/\/trayectoriadeportiva.com\/index.php\/wp-json\/wp\/v2\/media\/191"}],"wp:attachment":[{"href":"https:\/\/trayectoriadeportiva.com\/index.php\/wp-json\/wp\/v2\/media?parent=190"}],"wp:term":[{"taxonomy":"category","embeddable":true,"href":"https:\/\/trayectoriadeportiva.com\/index.php\/wp-json\/wp\/v2\/categories?post=190"},{"taxonomy":"post_tag","embeddable":true,"href":"https:\/\/trayectoriadeportiva.com\/index.php\/wp-json\/wp\/v2\/tags?post=190"}],"curies":[{"name":"wp","href":"https:\/\/api.w.org\/{rel}","templated":true}]}}