{"id":19004,"date":"2024-10-05T22:05:00","date_gmt":"2024-10-05T22:05:00","guid":{"rendered":"https:\/\/trayectoriadeportiva.com\/index.php\/2024\/10\/05\/media-distancia-y-se-acabo\/"},"modified":"2024-10-05T22:05:00","modified_gmt":"2024-10-05T22:05:00","slug":"media-distancia-y-se-acabo","status":"publish","type":"post","link":"https:\/\/trayectoriadeportiva.com\/index.php\/2024\/10\/05\/media-distancia-y-se-acabo\/","title":{"rendered":"Media distancia y se acab\u00f3"},"content":{"rendered":"<p>El Madrid aprovech\u00f3 la media distancia de Valverde y Vin\u00edcius para mantenerse a la rueda del Bar\u00e7a. Se impuso sin alardes al Villarreal, que amenaz\u00f3 en los primeros minutos, pero no concret\u00f3 en el Bernab\u00e9u. Le falt\u00f3 u\u00f1a de guitarrista. El Madrid, que no convence, tiene m\u00e1s contundencia que juego. Lo resolvi\u00f3 sin demasiado misterio y el temor a las consecuencias de la lesi\u00f3n de Carvajal, futbolista m\u00e1s imprescindible que nunca en el equipo. Sali\u00f3 en camilla, con la rodilla muy da\u00f1ada.<\/p>\n<p><a href=\"https:\/\/www.lavanguardia.com\/deportes\/20241006\/9999300\/media-distancia-acabo.html\">Seguir leyendo&#8230;<\/a><\/p>","protected":false},"excerpt":{"rendered":"<p>El Madrid aprovech\u00f3 la media distancia de Valverde y Vin\u00edcius para mantenerse a la rueda del Bar\u00e7a. Se impuso sin alardes al Villarreal, que amenaz\u00f3 en los primeros minutos, pero no concret\u00f3 en el Bernab\u00e9u. Le falt\u00f3 u\u00f1a de guitarrista. El Madrid, que no convence, tiene m\u00e1s contundencia que juego. Lo resolvi\u00f3 sin demasiado misterio [&hellip;]<\/p>\n","protected":false},"author":0,"featured_media":19005,"comment_status":"","ping_status":"","sticky":false,"template":"","format":"standard","meta":{"_et_pb_use_builder":"","_et_pb_old_content":"","_et_gb_content_width":"","footnotes":""},"categories":[1],"tags":[],"class_list":["post-19004","post","type-post","status-publish","format-standard","has-post-thumbnail","hentry","category-blog","et-has-post-format-content","et_post_format-et-post-format-standard"],"_links":{"self":[{"href":"https:\/\/trayectoriadeportiva.com\/index.php\/wp-json\/wp\/v2\/posts\/19004","targetHints":{"allow":["GET"]}}],"collection":[{"href":"https:\/\/trayectoriadeportiva.com\/index.php\/wp-json\/wp\/v2\/posts"}],"about":[{"href":"https:\/\/trayectoriadeportiva.com\/index.php\/wp-json\/wp\/v2\/types\/post"}],"replies":[{"embeddable":true,"href":"https:\/\/trayectoriadeportiva.com\/index.php\/wp-json\/wp\/v2\/comments?post=19004"}],"version-history":[{"count":0,"href":"https:\/\/trayectoriadeportiva.com\/index.php\/wp-json\/wp\/v2\/posts\/19004\/revisions"}],"wp:featuredmedia":[{"embeddable":true,"href":"https:\/\/trayectoriadeportiva.com\/index.php\/wp-json\/wp\/v2\/media\/19005"}],"wp:attachment":[{"href":"https:\/\/trayectoriadeportiva.com\/index.php\/wp-json\/wp\/v2\/media?parent=19004"}],"wp:term":[{"taxonomy":"category","embeddable":true,"href":"https:\/\/trayectoriadeportiva.com\/index.php\/wp-json\/wp\/v2\/categories?post=19004"},{"taxonomy":"post_tag","embeddable":true,"href":"https:\/\/trayectoriadeportiva.com\/index.php\/wp-json\/wp\/v2\/tags?post=19004"}],"curies":[{"name":"wp","href":"https:\/\/api.w.org\/{rel}","templated":true}]}}