{"id":19041,"date":"2024-10-06T13:22:50","date_gmt":"2024-10-06T13:22:50","guid":{"rendered":"https:\/\/trayectoriadeportiva.com\/index.php\/2024\/10\/06\/kounde-descansa-en-vitoria\/"},"modified":"2024-10-06T13:22:50","modified_gmt":"2024-10-06T13:22:50","slug":"kounde-descansa-en-vitoria","status":"publish","type":"post","link":"https:\/\/trayectoriadeportiva.com\/index.php\/2024\/10\/06\/kounde-descansa-en-vitoria\/","title":{"rendered":"Kound\u00e9 descansa en Vitoria"},"content":{"rendered":"<p>Con el objetivo de mantener los tres puntos de distancia sobre el Real Madrid, el Barcelona llega a Vitoria para medirse al Alav\u00e9s en Mendizorroza, <a href=\"https:\/\/www.lavanguardia.com\/deportes\/20241006\/9999283\/barca-viaja-vitoria-partido-alaves-buscando-mantener-liderato-liga-real-madrid.html\" title=\"El Bar\u00e7a viaja a Vitoria dispuesto a mantener las distancias\">una plaza que siempre es complicada. <\/a>Esta vez, Flick renunci\u00f3 a las rotaciones masivas. Pero s\u00ed quiso hacer cambios en la defensa dejando a Kound\u00e9 en el banquillo. El franc\u00e9s era el \u00fanico que no hab\u00eda descansado. El \u00fanico futbolista que lo ha jugado todo. Se marcha con Francia en este par\u00f3n internacional y Flick le ha dejado en el banquillo. Hoy la defensa ser\u00e1 para H\u00e9ctor Fort y Balde en los laterales derecho e izquierdo y Cubars\u00ed e I\u00f1igo Mart\u00ednez en el eje de la zaga.\u00a0<\/p>\n<p><a href=\"https:\/\/www.lavanguardia.com\/deportes\/fc-barcelona\/20241006\/10000188\/kounde-descansa-vitoria-barca-alaves-liga.html\">Seguir leyendo&#8230;<\/a><\/p>","protected":false},"excerpt":{"rendered":"<p>Con el objetivo de mantener los tres puntos de distancia sobre el Real Madrid, el Barcelona llega a Vitoria para medirse al Alav\u00e9s en Mendizorroza, una plaza que siempre es complicada. Esta vez, Flick renunci\u00f3 a las rotaciones masivas. Pero s\u00ed quiso hacer cambios en la defensa dejando a Kound\u00e9 en el banquillo. El franc\u00e9s [&hellip;]<\/p>\n","protected":false},"author":0,"featured_media":19042,"comment_status":"","ping_status":"","sticky":false,"template":"","format":"standard","meta":{"_et_pb_use_builder":"","_et_pb_old_content":"","_et_gb_content_width":"","footnotes":""},"categories":[1],"tags":[],"class_list":["post-19041","post","type-post","status-publish","format-standard","has-post-thumbnail","hentry","category-blog","et-has-post-format-content","et_post_format-et-post-format-standard"],"_links":{"self":[{"href":"https:\/\/trayectoriadeportiva.com\/index.php\/wp-json\/wp\/v2\/posts\/19041","targetHints":{"allow":["GET"]}}],"collection":[{"href":"https:\/\/trayectoriadeportiva.com\/index.php\/wp-json\/wp\/v2\/posts"}],"about":[{"href":"https:\/\/trayectoriadeportiva.com\/index.php\/wp-json\/wp\/v2\/types\/post"}],"replies":[{"embeddable":true,"href":"https:\/\/trayectoriadeportiva.com\/index.php\/wp-json\/wp\/v2\/comments?post=19041"}],"version-history":[{"count":0,"href":"https:\/\/trayectoriadeportiva.com\/index.php\/wp-json\/wp\/v2\/posts\/19041\/revisions"}],"wp:featuredmedia":[{"embeddable":true,"href":"https:\/\/trayectoriadeportiva.com\/index.php\/wp-json\/wp\/v2\/media\/19042"}],"wp:attachment":[{"href":"https:\/\/trayectoriadeportiva.com\/index.php\/wp-json\/wp\/v2\/media?parent=19041"}],"wp:term":[{"taxonomy":"category","embeddable":true,"href":"https:\/\/trayectoriadeportiva.com\/index.php\/wp-json\/wp\/v2\/categories?post=19041"},{"taxonomy":"post_tag","embeddable":true,"href":"https:\/\/trayectoriadeportiva.com\/index.php\/wp-json\/wp\/v2\/tags?post=19041"}],"curies":[{"name":"wp","href":"https:\/\/api.w.org\/{rel}","templated":true}]}}