{"id":19126,"date":"2024-10-07T15:34:48","date_gmt":"2024-10-07T15:34:48","guid":{"rendered":"https:\/\/trayectoriadeportiva.com\/index.php\/2024\/10\/07\/la-vida-de-johan-neeskens-en-imagenes\/"},"modified":"2024-10-07T15:34:48","modified_gmt":"2024-10-07T15:34:48","slug":"la-vida-de-johan-neeskens-en-imagenes","status":"publish","type":"post","link":"https:\/\/trayectoriadeportiva.com\/index.php\/2024\/10\/07\/la-vida-de-johan-neeskens-en-imagenes\/","title":{"rendered":"La vida de Johan Neeskens, en im\u00e1genes"},"content":{"rendered":"<p>Johan Jacobus Neeskens (1951-2024) es uno de los nombres propios de la historia del f\u00fatbol y de los mitos del barcelonismo. El exfutbolista neerland\u00e9s, representante destacado de la generaci\u00f3n que invent\u00f3 el \u201cf\u00fatbol total\u201d con la selecci\u00f3n neerlandesa y con el Bar\u00e7a de Johan Cruyff, falleci\u00f3 este domingo en Argelia, donde se encontraba haciendo un curso de entrenadores con la Federaci\u00f3n Neerlandesa de F\u00fatbol.<\/p>\n<p><a href=\"https:\/\/www.lavanguardia.com\/deportes\/20241007\/10002852\/vida-johan-neeskens-imagenes-muerte-fallece-mito-barcelona-barca-cruyff-ajax-naranja-mecanica-fotos.html\">Seguir leyendo&#8230;<\/a><\/p>","protected":false},"excerpt":{"rendered":"<p>Johan Jacobus Neeskens (1951-2024) es uno de los nombres propios de la historia del f\u00fatbol y de los mitos del barcelonismo. El exfutbolista neerland\u00e9s, representante destacado de la generaci\u00f3n que invent\u00f3 el \u201cf\u00fatbol total\u201d con la selecci\u00f3n neerlandesa y con el Bar\u00e7a de Johan Cruyff, falleci\u00f3 este domingo en Argelia, donde se encontraba haciendo un [&hellip;]<\/p>\n","protected":false},"author":0,"featured_media":19127,"comment_status":"","ping_status":"","sticky":false,"template":"","format":"standard","meta":{"_et_pb_use_builder":"","_et_pb_old_content":"","_et_gb_content_width":"","footnotes":""},"categories":[1],"tags":[],"class_list":["post-19126","post","type-post","status-publish","format-standard","has-post-thumbnail","hentry","category-blog","et-has-post-format-content","et_post_format-et-post-format-standard"],"_links":{"self":[{"href":"https:\/\/trayectoriadeportiva.com\/index.php\/wp-json\/wp\/v2\/posts\/19126","targetHints":{"allow":["GET"]}}],"collection":[{"href":"https:\/\/trayectoriadeportiva.com\/index.php\/wp-json\/wp\/v2\/posts"}],"about":[{"href":"https:\/\/trayectoriadeportiva.com\/index.php\/wp-json\/wp\/v2\/types\/post"}],"replies":[{"embeddable":true,"href":"https:\/\/trayectoriadeportiva.com\/index.php\/wp-json\/wp\/v2\/comments?post=19126"}],"version-history":[{"count":0,"href":"https:\/\/trayectoriadeportiva.com\/index.php\/wp-json\/wp\/v2\/posts\/19126\/revisions"}],"wp:featuredmedia":[{"embeddable":true,"href":"https:\/\/trayectoriadeportiva.com\/index.php\/wp-json\/wp\/v2\/media\/19127"}],"wp:attachment":[{"href":"https:\/\/trayectoriadeportiva.com\/index.php\/wp-json\/wp\/v2\/media?parent=19126"}],"wp:term":[{"taxonomy":"category","embeddable":true,"href":"https:\/\/trayectoriadeportiva.com\/index.php\/wp-json\/wp\/v2\/categories?post=19126"},{"taxonomy":"post_tag","embeddable":true,"href":"https:\/\/trayectoriadeportiva.com\/index.php\/wp-json\/wp\/v2\/tags?post=19126"}],"curies":[{"name":"wp","href":"https:\/\/api.w.org\/{rel}","templated":true}]}}