{"id":19128,"date":"2024-10-07T16:46:58","date_gmt":"2024-10-07T16:46:58","guid":{"rendered":"https:\/\/trayectoriadeportiva.com\/index.php\/2024\/10\/07\/era-un-tanque-una-bestia-jugar-con-neeskens-era-hacerlo-con-doce\/"},"modified":"2024-10-07T16:46:58","modified_gmt":"2024-10-07T16:46:58","slug":"era-un-tanque-una-bestia-jugar-con-neeskens-era-hacerlo-con-doce","status":"publish","type":"post","link":"https:\/\/trayectoriadeportiva.com\/index.php\/2024\/10\/07\/era-un-tanque-una-bestia-jugar-con-neeskens-era-hacerlo-con-doce\/","title":{"rendered":"\u201cEra un tanque, una bestia. Jugar con Neeskens era hacerlo con doce\u201d"},"content":{"rendered":"<p>Los tel\u00e9fonos de los futbolistas del Bar\u00e7a de la segunda mitad de los setenta empezaron a sonar despu\u00e9s de comer. \u201c<a href=\"https:\/\/www.lavanguardia.com\/deportes\/fc-barcelona\/20241007\/10002657\/neeskens-barca-holanda-cruyff.html\" title=\"Fallece el legendario Johan Neeskens\">Me ha llamado Rexach con la noticia.<\/a> Me ha afectado bastante\u201d, revelaba Juan Manuel Asensi, uno de los capitanes de aquel vestuario. \u201cLe he llamado a \u00e9l y a algunos m\u00e1s. Es que la noticia me ha dejado muy tocado. Fuimos un equipo que hizo historia\u201d, cuenta el propio Charly Rexach.\u00a0<\/p>\n<p><a href=\"https:\/\/www.lavanguardia.com\/deportes\/fc-barcelona\/20241007\/10002837\/reacciones-muerte-neeskens-rexach-carrasco-asensi.html\">Seguir leyendo&#8230;<\/a><\/p>","protected":false},"excerpt":{"rendered":"<p>Los tel\u00e9fonos de los futbolistas del Bar\u00e7a de la segunda mitad de los setenta empezaron a sonar despu\u00e9s de comer. \u201cMe ha llamado Rexach con la noticia. Me ha afectado bastante\u201d, revelaba Juan Manuel Asensi, uno de los capitanes de aquel vestuario. \u201cLe he llamado a \u00e9l y a algunos m\u00e1s. Es que la noticia [&hellip;]<\/p>\n","protected":false},"author":0,"featured_media":19129,"comment_status":"","ping_status":"","sticky":false,"template":"","format":"standard","meta":{"_et_pb_use_builder":"","_et_pb_old_content":"","_et_gb_content_width":"","footnotes":""},"categories":[1],"tags":[],"class_list":["post-19128","post","type-post","status-publish","format-standard","has-post-thumbnail","hentry","category-blog","et-has-post-format-content","et_post_format-et-post-format-standard"],"_links":{"self":[{"href":"https:\/\/trayectoriadeportiva.com\/index.php\/wp-json\/wp\/v2\/posts\/19128","targetHints":{"allow":["GET"]}}],"collection":[{"href":"https:\/\/trayectoriadeportiva.com\/index.php\/wp-json\/wp\/v2\/posts"}],"about":[{"href":"https:\/\/trayectoriadeportiva.com\/index.php\/wp-json\/wp\/v2\/types\/post"}],"replies":[{"embeddable":true,"href":"https:\/\/trayectoriadeportiva.com\/index.php\/wp-json\/wp\/v2\/comments?post=19128"}],"version-history":[{"count":0,"href":"https:\/\/trayectoriadeportiva.com\/index.php\/wp-json\/wp\/v2\/posts\/19128\/revisions"}],"wp:featuredmedia":[{"embeddable":true,"href":"https:\/\/trayectoriadeportiva.com\/index.php\/wp-json\/wp\/v2\/media\/19129"}],"wp:attachment":[{"href":"https:\/\/trayectoriadeportiva.com\/index.php\/wp-json\/wp\/v2\/media?parent=19128"}],"wp:term":[{"taxonomy":"category","embeddable":true,"href":"https:\/\/trayectoriadeportiva.com\/index.php\/wp-json\/wp\/v2\/categories?post=19128"},{"taxonomy":"post_tag","embeddable":true,"href":"https:\/\/trayectoriadeportiva.com\/index.php\/wp-json\/wp\/v2\/tags?post=19128"}],"curies":[{"name":"wp","href":"https:\/\/api.w.org\/{rel}","templated":true}]}}