{"id":19292,"date":"2024-10-10T22:03:26","date_gmt":"2024-10-10T22:03:26","guid":{"rendered":"https:\/\/trayectoriadeportiva.com\/index.php\/2024\/10\/10\/la-bandera-del-tenis\/"},"modified":"2024-10-10T22:03:26","modified_gmt":"2024-10-10T22:03:26","slug":"la-bandera-del-tenis","status":"publish","type":"post","link":"https:\/\/trayectoriadeportiva.com\/index.php\/2024\/10\/10\/la-bandera-del-tenis\/","title":{"rendered":"La bandera del tenis"},"content":{"rendered":"<p>Admito que la noticia de la retirada de Rafa Nadal me ha sorprendido un poco. No porque no imaginara que pudiera suceder, sino seguramente por la trascendencia del personaje y de su adi\u00f3s. A nadie se le escapa que desde hace tiempo en el mundo del tenis todo el mundo estaba un poco a la expectativa, pendiente de saber cu\u00e1ndo tomar\u00eda esta decisi\u00f3n. Y creo que la ha tomado cuando ha sentido que era el momento, como ha hecho siempre en su carrera. Es una persona que ha meditado siempre cada paso que ha dado y le ha ido muy bien. Adem\u00e1s, el haber decidido despedirse en una competici\u00f3n tan especial para \u00e9l como es la Copa Davis, en la que afortunadamente hemos vivido momentos inolvidables juntos, creo que es una decisi\u00f3n muy acertada.<\/p>\n<p><a href=\"https:\/\/www.lavanguardia.com\/deportes\/20241011\/10013224\/bandera-tenis.html\">Seguir leyendo&#8230;<\/a><\/p>","protected":false},"excerpt":{"rendered":"<p>Admito que la noticia de la retirada de Rafa Nadal me ha sorprendido un poco. No porque no imaginara que pudiera suceder, sino seguramente por la trascendencia del personaje y de su adi\u00f3s. A nadie se le escapa que desde hace tiempo en el mundo del tenis todo el mundo estaba un poco a la [&hellip;]<\/p>\n","protected":false},"author":0,"featured_media":19293,"comment_status":"","ping_status":"","sticky":false,"template":"","format":"standard","meta":{"_et_pb_use_builder":"","_et_pb_old_content":"","_et_gb_content_width":"","footnotes":""},"categories":[1],"tags":[],"class_list":["post-19292","post","type-post","status-publish","format-standard","has-post-thumbnail","hentry","category-blog","et-has-post-format-content","et_post_format-et-post-format-standard"],"_links":{"self":[{"href":"https:\/\/trayectoriadeportiva.com\/index.php\/wp-json\/wp\/v2\/posts\/19292","targetHints":{"allow":["GET"]}}],"collection":[{"href":"https:\/\/trayectoriadeportiva.com\/index.php\/wp-json\/wp\/v2\/posts"}],"about":[{"href":"https:\/\/trayectoriadeportiva.com\/index.php\/wp-json\/wp\/v2\/types\/post"}],"replies":[{"embeddable":true,"href":"https:\/\/trayectoriadeportiva.com\/index.php\/wp-json\/wp\/v2\/comments?post=19292"}],"version-history":[{"count":0,"href":"https:\/\/trayectoriadeportiva.com\/index.php\/wp-json\/wp\/v2\/posts\/19292\/revisions"}],"wp:featuredmedia":[{"embeddable":true,"href":"https:\/\/trayectoriadeportiva.com\/index.php\/wp-json\/wp\/v2\/media\/19293"}],"wp:attachment":[{"href":"https:\/\/trayectoriadeportiva.com\/index.php\/wp-json\/wp\/v2\/media?parent=19292"}],"wp:term":[{"taxonomy":"category","embeddable":true,"href":"https:\/\/trayectoriadeportiva.com\/index.php\/wp-json\/wp\/v2\/categories?post=19292"},{"taxonomy":"post_tag","embeddable":true,"href":"https:\/\/trayectoriadeportiva.com\/index.php\/wp-json\/wp\/v2\/tags?post=19292"}],"curies":[{"name":"wp","href":"https:\/\/api.w.org\/{rel}","templated":true}]}}