{"id":19465,"date":"2024-10-15T10:26:26","date_gmt":"2024-10-15T10:26:26","guid":{"rendered":"https:\/\/trayectoriadeportiva.com\/index.php\/2024\/10\/15\/victor-font-denuncia-que-el-barca-de-laporta-ha-perdido-mas-de-1-000-millones-desde-el-2021\/"},"modified":"2024-10-15T10:26:26","modified_gmt":"2024-10-15T10:26:26","slug":"victor-font-denuncia-que-el-barca-de-laporta-ha-perdido-mas-de-1-000-millones-desde-el-2021","status":"publish","type":"post","link":"https:\/\/trayectoriadeportiva.com\/index.php\/2024\/10\/15\/victor-font-denuncia-que-el-barca-de-laporta-ha-perdido-mas-de-1-000-millones-desde-el-2021\/","title":{"rendered":"V\u00edctor Font denuncia que el Bar\u00e7a de Laporta ha perdido m\u00e1s de 1.000 millones desde el 2021"},"content":{"rendered":"<p>V\u00edctor Font es muy cr\u00edtico con la situaci\u00f3n econ\u00f3mica del Barcelona y pide a los socios compromisarios que paren los pies al presidente Joan Laporta en la asamblea del s\u00e1bado, telem\u00e1tica pese a su petici\u00f3n de abrirla. Cuando habl\u00f3 en septiembre, los n\u00fameros a\u00fan no eran oficiales. Pero una vez se han conocido el resultado (91 millones de p\u00e9rdidas) y el informa del auditor, Font considera que en cuatro a\u00f1os, la junta ha demostrado que no sabe revertir la crisis y que las palancas fueron un espejismo.<\/p>\n<p><a href=\"https:\/\/www.lavanguardia.com\/deportes\/fc-barcelona\/20241015\/10023254\/victor-font-denuncia-barca-laporta-perdido-mas-1-000-2021.html\">Seguir leyendo&#8230;<\/a><\/p>","protected":false},"excerpt":{"rendered":"<p>V\u00edctor Font es muy cr\u00edtico con la situaci\u00f3n econ\u00f3mica del Barcelona y pide a los socios compromisarios que paren los pies al presidente Joan Laporta en la asamblea del s\u00e1bado, telem\u00e1tica pese a su petici\u00f3n de abrirla. Cuando habl\u00f3 en septiembre, los n\u00fameros a\u00fan no eran oficiales. Pero una vez se han conocido el resultado [&hellip;]<\/p>\n","protected":false},"author":0,"featured_media":19466,"comment_status":"","ping_status":"","sticky":false,"template":"","format":"standard","meta":{"_et_pb_use_builder":"","_et_pb_old_content":"","_et_gb_content_width":"","footnotes":""},"categories":[1],"tags":[],"class_list":["post-19465","post","type-post","status-publish","format-standard","has-post-thumbnail","hentry","category-blog","et-has-post-format-content","et_post_format-et-post-format-standard"],"_links":{"self":[{"href":"https:\/\/trayectoriadeportiva.com\/index.php\/wp-json\/wp\/v2\/posts\/19465","targetHints":{"allow":["GET"]}}],"collection":[{"href":"https:\/\/trayectoriadeportiva.com\/index.php\/wp-json\/wp\/v2\/posts"}],"about":[{"href":"https:\/\/trayectoriadeportiva.com\/index.php\/wp-json\/wp\/v2\/types\/post"}],"replies":[{"embeddable":true,"href":"https:\/\/trayectoriadeportiva.com\/index.php\/wp-json\/wp\/v2\/comments?post=19465"}],"version-history":[{"count":0,"href":"https:\/\/trayectoriadeportiva.com\/index.php\/wp-json\/wp\/v2\/posts\/19465\/revisions"}],"wp:featuredmedia":[{"embeddable":true,"href":"https:\/\/trayectoriadeportiva.com\/index.php\/wp-json\/wp\/v2\/media\/19466"}],"wp:attachment":[{"href":"https:\/\/trayectoriadeportiva.com\/index.php\/wp-json\/wp\/v2\/media?parent=19465"}],"wp:term":[{"taxonomy":"category","embeddable":true,"href":"https:\/\/trayectoriadeportiva.com\/index.php\/wp-json\/wp\/v2\/categories?post=19465"},{"taxonomy":"post_tag","embeddable":true,"href":"https:\/\/trayectoriadeportiva.com\/index.php\/wp-json\/wp\/v2\/tags?post=19465"}],"curies":[{"name":"wp","href":"https:\/\/api.w.org\/{rel}","templated":true}]}}