{"id":19471,"date":"2024-10-15T13:09:24","date_gmt":"2024-10-15T13:09:24","guid":{"rendered":"https:\/\/trayectoriadeportiva.com\/index.php\/2024\/10\/15\/cortan-una-semana-el-paseo-de-gracia-por-el-espectaculo-de-josep-carreras-y-sara-baras\/"},"modified":"2024-10-15T13:09:24","modified_gmt":"2024-10-15T13:09:24","slug":"cortan-una-semana-el-paseo-de-gracia-por-el-espectaculo-de-josep-carreras-y-sara-baras","status":"publish","type":"post","link":"https:\/\/trayectoriadeportiva.com\/index.php\/2024\/10\/15\/cortan-una-semana-el-paseo-de-gracia-por-el-espectaculo-de-josep-carreras-y-sara-baras\/","title":{"rendered":"Cortan una semana el paseo de Gr\u00e0cia por el espect\u00e1culo de Josep Carreras y Sara Baras"},"content":{"rendered":"<p>El tronco central del paseo de Gr\u00e0cia estar\u00e1 cortado al tr\u00e1fico desde este martes 15 de octubre y hasta el martes 22 de octubre por la actuaci\u00f3n del tenor Josep Carreras y la bailaora Sara Baras, el pr\u00f3ximo domingo 20 de octubre a las 20:00 horas.<\/p>\n<p><a href=\"https:\/\/www.lavanguardia.com\/deportes\/vela\/20241015\/10021799\/gracia-espectaculo-josep-carreras-sara-baras-copa-del-america.html\">Seguir leyendo&#8230;<\/a><\/p>","protected":false},"excerpt":{"rendered":"<p>El tronco central del paseo de Gr\u00e0cia estar\u00e1 cortado al tr\u00e1fico desde este martes 15 de octubre y hasta el martes 22 de octubre por la actuaci\u00f3n del tenor Josep Carreras y la bailaora Sara Baras, el pr\u00f3ximo domingo 20 de octubre a las 20:00 horas. Seguir leyendo&#8230;<\/p>\n","protected":false},"author":0,"featured_media":19472,"comment_status":"","ping_status":"","sticky":false,"template":"","format":"standard","meta":{"_et_pb_use_builder":"","_et_pb_old_content":"","_et_gb_content_width":"","footnotes":""},"categories":[1],"tags":[],"class_list":["post-19471","post","type-post","status-publish","format-standard","has-post-thumbnail","hentry","category-blog","et-has-post-format-content","et_post_format-et-post-format-standard"],"_links":{"self":[{"href":"https:\/\/trayectoriadeportiva.com\/index.php\/wp-json\/wp\/v2\/posts\/19471","targetHints":{"allow":["GET"]}}],"collection":[{"href":"https:\/\/trayectoriadeportiva.com\/index.php\/wp-json\/wp\/v2\/posts"}],"about":[{"href":"https:\/\/trayectoriadeportiva.com\/index.php\/wp-json\/wp\/v2\/types\/post"}],"replies":[{"embeddable":true,"href":"https:\/\/trayectoriadeportiva.com\/index.php\/wp-json\/wp\/v2\/comments?post=19471"}],"version-history":[{"count":0,"href":"https:\/\/trayectoriadeportiva.com\/index.php\/wp-json\/wp\/v2\/posts\/19471\/revisions"}],"wp:featuredmedia":[{"embeddable":true,"href":"https:\/\/trayectoriadeportiva.com\/index.php\/wp-json\/wp\/v2\/media\/19472"}],"wp:attachment":[{"href":"https:\/\/trayectoriadeportiva.com\/index.php\/wp-json\/wp\/v2\/media?parent=19471"}],"wp:term":[{"taxonomy":"category","embeddable":true,"href":"https:\/\/trayectoriadeportiva.com\/index.php\/wp-json\/wp\/v2\/categories?post=19471"},{"taxonomy":"post_tag","embeddable":true,"href":"https:\/\/trayectoriadeportiva.com\/index.php\/wp-json\/wp\/v2\/tags?post=19471"}],"curies":[{"name":"wp","href":"https:\/\/api.w.org\/{rel}","templated":true}]}}