{"id":19498,"date":"2024-10-15T22:02:06","date_gmt":"2024-10-15T22:02:06","guid":{"rendered":"https:\/\/trayectoriadeportiva.com\/index.php\/2024\/10\/15\/de-la-fuente-en-noviembre-vendran-los-mejores-porque-queremos-ser-primeros\/"},"modified":"2024-10-15T22:02:06","modified_gmt":"2024-10-15T22:02:06","slug":"de-la-fuente-en-noviembre-vendran-los-mejores-porque-queremos-ser-primeros","status":"publish","type":"post","link":"https:\/\/trayectoriadeportiva.com\/index.php\/2024\/10\/15\/de-la-fuente-en-noviembre-vendran-los-mejores-porque-queremos-ser-primeros\/","title":{"rendered":"De la Fuente: \u201cEn noviembre vendr\u00e1n los mejores porque queremos ser primeros\u201d"},"content":{"rendered":"<p>Luis de la Fuente, el seleccionador de Espa\u00f1a, sac\u00f3 pecho por la victoria de Espa\u00f1a sobre Serbia en C\u00f3rdoba y anunci\u00f3 en vista a posibles pol\u00e9micas por futuras convocatorias que \u201cen noviembre vendr\u00e1n los mejores porque queremos ser los primeros de grupo. Esto es la selecci\u00f3n espa\u00f1ola y no un equipo de una comunidad de vecinos. Y los jugadores no es que est\u00e9n encantados de venir es que est\u00e1n encantad\u00edsimos de estar aqu\u00ed\u201d.<\/p>\n<p><a href=\"https:\/\/www.lavanguardia.com\/deportes\/futbol\/20241016\/10025240\/fuente-noviembre-vendran-mejores-queremos-primeros.html\">Seguir leyendo&#8230;<\/a><\/p>","protected":false},"excerpt":{"rendered":"<p>Luis de la Fuente, el seleccionador de Espa\u00f1a, sac\u00f3 pecho por la victoria de Espa\u00f1a sobre Serbia en C\u00f3rdoba y anunci\u00f3 en vista a posibles pol\u00e9micas por futuras convocatorias que \u201cen noviembre vendr\u00e1n los mejores porque queremos ser los primeros de grupo. Esto es la selecci\u00f3n espa\u00f1ola y no un equipo de una comunidad de [&hellip;]<\/p>\n","protected":false},"author":0,"featured_media":19499,"comment_status":"","ping_status":"","sticky":false,"template":"","format":"standard","meta":{"_et_pb_use_builder":"","_et_pb_old_content":"","_et_gb_content_width":"","footnotes":""},"categories":[1],"tags":[],"class_list":["post-19498","post","type-post","status-publish","format-standard","has-post-thumbnail","hentry","category-blog","et-has-post-format-content","et_post_format-et-post-format-standard"],"_links":{"self":[{"href":"https:\/\/trayectoriadeportiva.com\/index.php\/wp-json\/wp\/v2\/posts\/19498","targetHints":{"allow":["GET"]}}],"collection":[{"href":"https:\/\/trayectoriadeportiva.com\/index.php\/wp-json\/wp\/v2\/posts"}],"about":[{"href":"https:\/\/trayectoriadeportiva.com\/index.php\/wp-json\/wp\/v2\/types\/post"}],"replies":[{"embeddable":true,"href":"https:\/\/trayectoriadeportiva.com\/index.php\/wp-json\/wp\/v2\/comments?post=19498"}],"version-history":[{"count":0,"href":"https:\/\/trayectoriadeportiva.com\/index.php\/wp-json\/wp\/v2\/posts\/19498\/revisions"}],"wp:featuredmedia":[{"embeddable":true,"href":"https:\/\/trayectoriadeportiva.com\/index.php\/wp-json\/wp\/v2\/media\/19499"}],"wp:attachment":[{"href":"https:\/\/trayectoriadeportiva.com\/index.php\/wp-json\/wp\/v2\/media?parent=19498"}],"wp:term":[{"taxonomy":"category","embeddable":true,"href":"https:\/\/trayectoriadeportiva.com\/index.php\/wp-json\/wp\/v2\/categories?post=19498"},{"taxonomy":"post_tag","embeddable":true,"href":"https:\/\/trayectoriadeportiva.com\/index.php\/wp-json\/wp\/v2\/tags?post=19498"}],"curies":[{"name":"wp","href":"https:\/\/api.w.org\/{rel}","templated":true}]}}