{"id":19506,"date":"2024-10-16T04:42:00","date_gmt":"2024-10-16T04:42:00","guid":{"rendered":"https:\/\/trayectoriadeportiva.com\/index.php\/2024\/10\/16\/el-sail-team-bcn-anuncia-su-continuidad-y-guillermo-altadill-la-creacion-de-nuevo-equipo\/"},"modified":"2024-10-16T04:42:00","modified_gmt":"2024-10-16T04:42:00","slug":"el-sail-team-bcn-anuncia-su-continuidad-y-guillermo-altadill-la-creacion-de-nuevo-equipo","status":"publish","type":"post","link":"https:\/\/trayectoriadeportiva.com\/index.php\/2024\/10\/16\/el-sail-team-bcn-anuncia-su-continuidad-y-guillermo-altadill-la-creacion-de-nuevo-equipo\/","title":{"rendered":"El Sail Team BCN anuncia su continuidad y Guillermo Altadill la creaci\u00f3n de nuevo equipo"},"content":{"rendered":"<p>El Sail Team BCN espa\u00f1ol, equipo que ha competido en la Joven Copa del Am\u00e9rica y en la Puig Copa Am\u00e9rica Femenina, dentro de la 37\u00aa Copa del Am\u00e9rica Barcelona 2024, ha anunciado este martes su intenci\u00f3n de participar en la pr\u00f3xima edici\u00f3n del evento.<\/p>\n<p><a href=\"https:\/\/www.lavanguardia.com\/deportes\/vela\/20241016\/10025127\/sail-team-bcn-anuncia-continuidad-guillermo-altadill-creacion-nuevo-equipo.html\">Seguir leyendo&#8230;<\/a><\/p>","protected":false},"excerpt":{"rendered":"<p>El Sail Team BCN espa\u00f1ol, equipo que ha competido en la Joven Copa del Am\u00e9rica y en la Puig Copa Am\u00e9rica Femenina, dentro de la 37\u00aa Copa del Am\u00e9rica Barcelona 2024, ha anunciado este martes su intenci\u00f3n de participar en la pr\u00f3xima edici\u00f3n del evento. Seguir leyendo&#8230;<\/p>\n","protected":false},"author":0,"featured_media":19507,"comment_status":"","ping_status":"","sticky":false,"template":"","format":"standard","meta":{"_et_pb_use_builder":"","_et_pb_old_content":"","_et_gb_content_width":"","footnotes":""},"categories":[1],"tags":[],"class_list":["post-19506","post","type-post","status-publish","format-standard","has-post-thumbnail","hentry","category-blog","et-has-post-format-content","et_post_format-et-post-format-standard"],"_links":{"self":[{"href":"https:\/\/trayectoriadeportiva.com\/index.php\/wp-json\/wp\/v2\/posts\/19506","targetHints":{"allow":["GET"]}}],"collection":[{"href":"https:\/\/trayectoriadeportiva.com\/index.php\/wp-json\/wp\/v2\/posts"}],"about":[{"href":"https:\/\/trayectoriadeportiva.com\/index.php\/wp-json\/wp\/v2\/types\/post"}],"replies":[{"embeddable":true,"href":"https:\/\/trayectoriadeportiva.com\/index.php\/wp-json\/wp\/v2\/comments?post=19506"}],"version-history":[{"count":0,"href":"https:\/\/trayectoriadeportiva.com\/index.php\/wp-json\/wp\/v2\/posts\/19506\/revisions"}],"wp:featuredmedia":[{"embeddable":true,"href":"https:\/\/trayectoriadeportiva.com\/index.php\/wp-json\/wp\/v2\/media\/19507"}],"wp:attachment":[{"href":"https:\/\/trayectoriadeportiva.com\/index.php\/wp-json\/wp\/v2\/media?parent=19506"}],"wp:term":[{"taxonomy":"category","embeddable":true,"href":"https:\/\/trayectoriadeportiva.com\/index.php\/wp-json\/wp\/v2\/categories?post=19506"},{"taxonomy":"post_tag","embeddable":true,"href":"https:\/\/trayectoriadeportiva.com\/index.php\/wp-json\/wp\/v2\/tags?post=19506"}],"curies":[{"name":"wp","href":"https:\/\/api.w.org\/{rel}","templated":true}]}}